{"id":97274,"date":"2023-06-12T13:21:03","date_gmt":"2023-06-12T13:21:03","guid":{"rendered":"https:\/\/haberulus.net\/?p=97274"},"modified":"2023-06-12T13:21:03","modified_gmt":"2023-06-12T13:21:03","slug":"asgari-ucret-toplantisi-ne-zaman-asgari-ucret-zammi-icin-gozler-ilk-toplantida","status":"publish","type":"post","link":"https:\/\/haberulus.net\/?p=97274","title":{"rendered":"Asgari \u00fccret toplant\u0131s\u0131 ne zaman? Asgari \u00fccret zamm\u0131 i\u00e7in g\u00f6zler ilk toplant\u0131da\u2026"},"content":{"rendered":"<p>Y\u0131l boyunca enflasyon u\u00e7u\u015fa ge\u00e7erken, asgari \u00fccret ise g\u00fcnden g\u00fcne eridi. Yakla\u015f\u0131k 8 milyon \u00e7al\u0131\u015fan\u0131 do\u011frudan, di\u011fer t\u00fcm \u00e7al\u0131\u015fanlar\u0131 ise dolayl\u0131 olarak etkileyen asgari \u00fccret i\u00e7in ilk toplant\u0131 tarihi ge\u00e7ti\u011fimiz g\u00fcnlerde belli oldu. Temmuz ay\u0131nda belli olmas\u0131 beklenen asgari \u00fccret i\u00e7in d\u00f6rt toplant\u0131 d\u00fczenlenmesi bekleniyor.<\/p>\n<p><strong>ASGAR\u0130 \u00dcCRET TOPLANTISI NE ZAMAN?<\/strong><\/p>\n<p>Asgari \u00dccret Tespit Komisyonu \u00f6n\u00fcm\u00fczdeki 6 ayda ge\u00e7erli olacak \u00fccretin belirlenmesi i\u00e7in ilk resmi toplant\u0131s\u0131 13 Haziran sal\u0131 g\u00fcn\u00fc ger\u00e7ekle\u015ftirecek.<\/p>\n<p>Asgari \u00fccreti, yasa gere\u011fi i\u015f\u00e7i, i\u015fveren ve devlet temsilcilerinden olu\u015fan Asgari \u00dccret Tespit Komisyonu belirliyor.<\/p>\n<p>\u0130\u015fveren taraf\u0131n\u0131 T\u00fcrkiye \u0130\u015fveren Sendikalar\u0131 Konfederasyonu (T\u0130SK), i\u015f\u00e7i taraf\u0131n\u0131 ise en fazla \u00fcyeye sahip konfederasyon oldu\u011fu i\u00e7in T\u00fcrkiye \u0130\u015f\u00e7i Sendikalar\u0131 Konfederasyonu (T\u00fcrk-\u0130\u015f) h\u00fck\u00fcmeti ise \u00c7al\u0131\u015fma Bakan\u0131 temsil ediyor.<\/p>\n<p><strong>\u201cB\u00dcT\u00dcN KES\u0130MLER\u0130N MEMUN OLACA\u011eI \u015eEK\u0130LDE DEVAM ETT\u0130RECE\u011e\u0130Z\u201d<\/strong><\/p>\n<p>Cumhurba\u015fkan\u0131 Yard\u0131mc\u0131s\u0131 Cevdet Y\u0131lmaz, iki g\u00fcn \u00f6nce yapt\u0131\u011f\u0131 asgari \u00fccret a\u00e7\u0131klamalar\u0131na bug\u00fcn yenisini ekledi.<\/p>\n<p>\u201cAsgari \u00fccretle ilgili, \u00e7al\u0131\u015fan emeklilerle ilgili temmuz ay\u0131nda \u00e7al\u0131\u015fmalar yapaca\u011f\u0131m\u0131z\u0131 s\u00f6ylemi\u015ftik. Ad\u0131mlar\u0131m\u0131z\u0131 atmaya ba\u015flad\u0131k\u201d diyen Y\u0131lmaz, \u201cAsgari \u00fccretle ilgili toplant\u0131lar ba\u015flayacak. Burada 3 kesim var. \u00c7al\u0131\u015fanlar, i\u015fverenler ve kamu kesimi var. \u00dc\u00e7 kesim aras\u0131nda m\u00fczakereler y\u00fcr\u00fct\u00fclecek. Temenni ediyoruz ki bu \u00fc\u00e7 kesim anla\u015fma sa\u011flas\u0131nlar\u201d dedi.<\/p>\n<p>\u00c7al\u0131\u015fan kesimlerin sat\u0131n alma g\u00fcc\u00fcn\u00fcn enflasyon kar\u015f\u0131s\u0131nda erimesine izin verilmedi\u011fini ileri s\u00fcren Y\u0131lmaz, \u201cAyn\u0131 yakla\u015f\u0131m\u0131 g\u00f6rece\u011fiz. Rekabet g\u00fcc\u00fcm\u00fcz, istihdam art\u0131\u015f\u0131 gibi hususlar da g\u00fcndemimizde yer almaya devam edecek. Denge i\u00e7inde de\u011ferlendirilerek b\u00fct\u00fcn kesimlerin memnun olaca\u011f\u0131 \u015fekilde devam ettirece\u011fiz\u201d diye konu\u015ftu.<\/p>\n<p><strong>\u2018\u00d6NCEL\u0130KL\u0130 KONU ENFLASYON&#8217;<\/strong><\/p>\n<p>Ekonomiye ili\u015fkin de a\u00e7\u0131klamalarda bulunan Y\u0131lmaz, \u015f\u00f6yle devam etti:<\/p>\n<p>\u201c\u00d6n\u00fcm\u00fczdeki s\u00fcre\u00e7lerde planl\u0131 bir \u015fekilde se\u00e7im beyannamemizde ne yazd\u0131ysak her bir tedbirimizi hayata ge\u00e7irece\u011fiz. Belli bir tutarl\u0131l\u0131k i\u00e7erisinde hayata ge\u00e7irece\u011fiz. 12\u2019nci kalk\u0131nma plan\u0131m\u0131z g\u00fcndeme gelecek. \u00d6n\u00fcm\u00fczdeki aylarda orta vadeli program\u0131m\u0131z\u0131 g\u00fcncelleyece\u011fiz. 3 y\u0131ll\u0131k yol haritas\u0131 niteli\u011finde olan program para politikas\u0131, maliye politikas\u0131n\u0131 i\u00e7eren \u00e7ok \u00f6nemli dok\u00fcman olarak haz\u0131rlanacak.<\/p>\n<p>Per\u015fembe g\u00fcn\u00fc Ekonomi Koordinasyon Kurulu toplant\u0131s\u0131 ile politikalar\u0131m\u0131z\u0131 ele alaca\u011f\u0131z. Enflasyon konusunun \u00f6ncelikli oldu\u011funu belirtmek isterim.\u201d<\/p>\n","protected":false},"excerpt":{"rendered":"<p>Asgari \u00fccret toplant\u0131s\u0131 i\u00e7in i\u015f\u00e7i, i\u015fveren ve h\u00fck\u00fcmeti temsil eden 5&#8217;er ki\u015fiden olu\u015fan 15 ki\u015filik komisyon bir araya geliyor. Bakanl\u0131ktaki ilk toplant\u0131n\u0131n ard\u0131ndan anla\u015f\u0131lmamas\u0131 halinde ikinci, \u00fc\u00e7\u00fcnc\u00fc ve son olarak d\u00f6rd\u00fcnc\u00fc toplant\u0131 d\u00fczenlenecek. Asgari \u00fccret toplant\u0131s\u0131, asgari \u00fccrete yap\u0131lacak ara zam oran\u0131n\u0131 g\u00f6r\u00fc\u015fmek \u00fczere 13 Haziran&#8217;da yap\u0131lacak.<\/p>\n","protected":false},"author":1,"featured_media":97275,"comment_status":"closed","ping_status":"open","sticky":false,"template":"","format":"standard","meta":{"footnotes":""},"categories":[25],"tags":[59,624,82,1443,507],"class_list":["post-97274","post","type-post","status-publish","format-standard","has-post-thumbnail","hentry","category-ekonomi","tag-asgari-ucret","tag-calisan","tag-gun","tag-kesim","tag-toplanti"],"_links":{"self":[{"href":"https:\/\/haberulus.net\/index.php?rest_route=\/wp\/v2\/posts\/97274","targetHints":{"allow":["GET"]}}],"collection":[{"href":"https:\/\/haberulus.net\/index.php?rest_route=\/wp\/v2\/posts"}],"about":[{"href":"https:\/\/haberulus.net\/index.php?rest_route=\/wp\/v2\/types\/post"}],"author":[{"embeddable":true,"href":"https:\/\/haberulus.net\/index.php?rest_route=\/wp\/v2\/users\/1"}],"replies":[{"embeddable":true,"href":"https:\/\/haberulus.net\/index.php?rest_route=%2Fwp%2Fv2%2Fcomments&post=97274"}],"version-history":[{"count":1,"href":"https:\/\/haberulus.net\/index.php?rest_route=\/wp\/v2\/posts\/97274\/revisions"}],"predecessor-version":[{"id":97276,"href":"https:\/\/haberulus.net\/index.php?rest_route=\/wp\/v2\/posts\/97274\/revisions\/97276"}],"wp:featuredmedia":[{"embeddable":true,"href":"https:\/\/haberulus.net\/index.php?rest_route=\/wp\/v2\/media\/97275"}],"wp:attachment":[{"href":"https:\/\/haberulus.net\/index.php?rest_route=%2Fwp%2Fv2%2Fmedia&parent=97274"}],"wp:term":[{"taxonomy":"category","embeddable":true,"href":"https:\/\/haberulus.net\/index.php?rest_route=%2Fwp%2Fv2%2Fcategories&post=97274"},{"taxonomy":"post_tag","embeddable":true,"href":"https:\/\/haberulus.net\/index.php?rest_route=%2Fwp%2Fv2%2Ftags&post=97274"}],"curies":[{"name":"wp","href":"https:\/\/api.w.org\/{rel}","templated":true}]}}