{"id":97345,"date":"2023-06-12T15:05:07","date_gmt":"2023-06-12T15:05:07","guid":{"rendered":"https:\/\/haberulus.net\/?p=97345"},"modified":"2023-06-12T15:05:07","modified_gmt":"2023-06-12T15:05:07","slug":"kurdaki-artis-ameliyat-masasindaki-hastayi-da-vurdu","status":"publish","type":"post","link":"https:\/\/haberulus.net\/?p=97345","title":{"rendered":"Kurdaki art\u0131\u015f ameliyat masas\u0131ndaki hastay\u0131 da vurdu"},"content":{"rendered":"<p>Dolardaki yukar\u0131 y\u00f6nl\u00fc hareketin kontrol alt\u0131na al\u0131namamas\u0131, ithalatla ayakta duran T\u00fcrkiye&#8217;yi ciddi \u015fekilde etkiledi. Kurdaki art\u0131\u015f malzeme tedarikinde s\u0131k\u0131nt\u0131ya yol a\u00e7\u0131nca hastanelerde ameliyat i\u00e7in s\u0131ra bekleyen hastalar\u0131 da ma\u011fdur oldu.<\/p>\n<p>Konuyla ilgili a\u00e7\u0131klama yapan CHP Bal\u0131kesir Milletvekili Ensar Aytekin, \u201cAcil olmayan ameliyatlar\u0131n yap\u0131lmas\u0131 neredeyse imkans\u0131z hale geldi. Sa\u011fl\u0131k Bakanl\u0131\u011f\u0131 ile kurumlar\u0131n malzemelere ili\u015fkin geri \u00f6demelerdeki orant\u0131s\u0131zl\u0131k, Sa\u011fl\u0131k Uygulama Tebli\u011fi&#8217;ndeki yetersizlik vatanda\u015f\u0131n can\u0131na kast edecek \u015fekilde kar\u015f\u0131m\u0131za \u00e7\u0131k\u0131yor. Kamu hastanelerinde ya\u015fanan bu sorun, \u015fimdi \u00f6zel hastanelerde de kendini g\u00f6stermeye ba\u015flad\u0131. Kur kontrol edilemiyor bunun bedelini ise vatanda\u015f can\u0131yla \u00f6d\u00fcyor\u201d ifadelerini kulland\u0131.<\/p>\n<p><strong>\u201cKURA YAPILAN M\u00dcDAHALELER DE ARTIK FAYDA ETM\u0130YOR\u201d<\/strong><\/p>\n<p>Se\u00e7im s\u00fcrecinde ya\u015fanan kur \u015fokunu, arka kap\u0131dan d\u00f6viz satarak \u201chal\u0131 alt\u0131na s\u00fcp\u00fcren\u201d iktidar\u0131n, se\u00e7imden sonra ac\u0131 ger\u00e7e\u011fi halka g\u00f6stermeye ba\u015flad\u0131\u011f\u0131n\u0131 dile getiren Aytekin, \u015funlar\u0131 kaydetti;<\/p>\n<p>\u201cSe\u00e7imlerin \u00fczerinden 15 g\u00fcn ge\u00e7ti, 15 g\u00fcnde dolar 20 liray\u0131 da ge\u00e7erek 24 TL s\u0131n\u0131r\u0131na geldi. 15 g\u00fcnd\u00fcr kura yap\u0131lan dolayl\u0131 m\u00fcdahaleler de art\u0131k fayda etmiyor. Bunun sonucunda ithalatla ayakta duran T\u00fcrkiye&#8217;de i\u011fneden ipli\u011fe her \u015feyin fiyat\u0131 g\u00fcnl\u00fck de\u011fi\u015fiyor.<\/p>\n<p>Ya\u015fanan krizin son noktas\u0131 ise maalesef sa\u011fl\u0131k alan\u0131 oldu. Sa\u011fl\u0131k bir kamu hizmetiyken, bunu sekt\u00f6rle\u015ftiren ve kamucu anlay\u0131\u015f yerine t\u00fcccar mant\u0131\u011f\u0131n\u0131 hayata ge\u00e7iren AKP iktidar\u0131 sa\u011fl\u0131k alan\u0131nda e\u015fi g\u00f6r\u00fclmemi\u015f bir ma\u011fduriyet yaratt\u0131. Sa\u011fl\u0131k bakanl\u0131\u011f\u0131 ile firmalar\u0131n Sa\u011fl\u0131k Uygulama Tebli\u011fi (SUT) konusunda anla\u015famamalar\u0131, kurun her g\u00fcn yukar\u0131ya do\u011fru gidi\u015fi medikal \u00fcr\u00fcnlerin tedari\u011fini de geciktirmekte ve bunun sonucunda insanlar hastane kap\u0131lar\u0131ndan geri d\u00f6nmekte.<\/p>\n<p>Bug\u00fcn neredeyse t\u00fcm kamu hastanelerinde acil olmayan ameliyatlar maalesef yap\u0131lam\u0131yor. Hasta ameliyat masas\u0131nda doktoru, doktorsa ameliyatta kullanaca\u011f\u0131 malzemeyi bekliyor. Bu krizin bir an evvel \u00e7\u00f6z\u00fclmezse sa\u011fl\u0131kta i\u00e7inden \u00e7\u0131k\u0131lamaz bir kaosu ya\u015fayaca\u011f\u0131z.\u201d<\/p>\n<p><strong>\u201cMALZEMEYE F\u0130YAT VER\u0130LM\u0130YOR\u201d<\/strong><\/p>\n<p>Aytekin&#8217;in, \u201cBug\u00fcn bir kardiyolojik giri\u015fimde kullan\u0131lacak olan stent fiyatlar\u0131 g\u00fcn i\u00e7inde yerine g\u00f6re 2 veya 3 kez de\u011fi\u015fiyor. Yerli stentlerde de durum farkl\u0131 de\u011fil. Bir ameliyathanede kullan\u0131lacak diki\u015f ipi bile kur \u015fokundan etkileniyor. Sa\u011fl\u0131k Bakanl\u0131\u011f\u0131n\u0131n derhal SUT fiyatlar\u0131n\u0131 g\u00fcncellemesi \u015fart\u201d \u015feklinde konu\u015ftu.<\/p>\n<p><strong>\u201cKR\u0130Z \u0130LA\u00c7LARI DA VURUYOR\u201d<\/strong><\/p>\n<p>Krizin bir di\u011fer boyutunun ise ila\u00e7 sekt\u00f6r\u00fcnde ya\u015fand\u0131\u011f\u0131na dikkat \u00e7eken Aytekin, \u201cHasta yaz\u0131lan ilac\u0131 almaya gitti\u011finde ya ila\u00e7 bulunam\u0131yor ya da muadili veriliyor. Bununla birlikte en ac\u0131s\u0131 ise yurtd\u0131\u015f\u0131ndan getirilmek zorunda olan kanser ila\u00e7lar\u0131. Yurtd\u0131\u015f\u0131 ila\u00e7lar\u0131 hastalara ula\u015fam\u0131yor. Baz\u0131 kritik ila\u00e7lar ise SUT sisteminde pasif ila\u00e7 konumuna d\u00fc\u015f\u00fcr\u00fcld\u00fc\u011f\u00fc i\u00e7in hastalar hayati \u00f6nemdeki ilac\u0131 alam\u0131yor. Kanser tedavisinde kullan\u0131lan ila\u00e7larda dolardaki bir TL&#8217;lik art\u0131\u015f ilac\u0131na g\u00f6re binlerce liral\u0131k de\u011fi\u015fime sebep olabiliyor. Ve bakanl\u0131k, bu konuda ad\u0131m atam\u0131yor. Hastalar\u0131n ya\u015fad\u0131\u011f\u0131 bu ma\u011fduriyeti vicdan\u0131 olan t\u00fcm y\u00f6neticilerin d\u00fc\u015f\u00fcnmesi laz\u0131m\u201d diye konu\u015ftu.<\/p>\n<p><strong>\u201cBU SORUNU \u00c7\u00d6ZMEK \u0130\u00c7\u0130N NE BEKL\u0130YORSUNUZ?\u201d<\/strong><\/p>\n<p>Krizin \u00e7\u00f6z\u00fcm\u00fc i\u00e7in Sa\u011fl\u0131k Bakan\u0131\u2019na seslenen Aytekin, \u201cYa\u015fanan kriz sa\u011fl\u0131k alan\u0131ndaki t\u00fcm payda\u015flar\u0131n \u00fczerine e\u011filmesi gereken, bakanl\u0131ktan b\u00fcrokrasiye sa\u011fl\u0131k meslek \u00f6rg\u00fctlerinden kurumlara kadar herkesi ilgilendiren bir sorun. Sa\u011fl\u0131k Bakan\u0131 Fahrettin Koca, \u00f6yle g\u00f6r\u00fcn\u00fcyor ki bu sorunu \u00e7\u00f6zmek i\u00e7in e\u011fer Merkez Bankas\u0131n\u0131n faiz karar\u0131n\u0131 bekliyor. Faiz sebep enflasyon sonu\u00e7 tezinin \u00fclkeyi getirdi\u011fi bu nokta maalesef can yakmaya devam ediyor\u201d dedi.<\/p>\n","protected":false},"excerpt":{"rendered":"<p>Se\u00e7imden sonra d\u00f6viz kurlar\u0131ndaki art\u0131\u015f\u0131n kontrol alt\u0131na al\u0131namamas\u0131, hastanelerde ameliyat i\u00e7in s\u0131ra bekleyen vatanda\u015flar\u0131 da ma\u011fdur ediyor. Hasta ameliyat masas\u0131nda doktoru, doktor da ameliyatta kullanaca\u011f\u0131 malzemeyi bekliyor.\u00a0<\/p>\n","protected":false},"author":1,"featured_media":97346,"comment_status":"closed","ping_status":"open","sticky":false,"template":"","format":"standard","meta":{"footnotes":""},"categories":[30],"tags":[82,1564,2151,1329,177],"class_list":["post-97345","post","type-post","status-publish","format-standard","has-post-thumbnail","hentry","category-saglik","tag-gun","tag-ilac","tag-kriz","tag-kur","tag-saglik"],"_links":{"self":[{"href":"https:\/\/haberulus.net\/index.php?rest_route=\/wp\/v2\/posts\/97345","targetHints":{"allow":["GET"]}}],"collection":[{"href":"https:\/\/haberulus.net\/index.php?rest_route=\/wp\/v2\/posts"}],"about":[{"href":"https:\/\/haberulus.net\/index.php?rest_route=\/wp\/v2\/types\/post"}],"author":[{"embeddable":true,"href":"https:\/\/haberulus.net\/index.php?rest_route=\/wp\/v2\/users\/1"}],"replies":[{"embeddable":true,"href":"https:\/\/haberulus.net\/index.php?rest_route=%2Fwp%2Fv2%2Fcomments&post=97345"}],"version-history":[{"count":1,"href":"https:\/\/haberulus.net\/index.php?rest_route=\/wp\/v2\/posts\/97345\/revisions"}],"predecessor-version":[{"id":97347,"href":"https:\/\/haberulus.net\/index.php?rest_route=\/wp\/v2\/posts\/97345\/revisions\/97347"}],"wp:featuredmedia":[{"embeddable":true,"href":"https:\/\/haberulus.net\/index.php?rest_route=\/wp\/v2\/media\/97346"}],"wp:attachment":[{"href":"https:\/\/haberulus.net\/index.php?rest_route=%2Fwp%2Fv2%2Fmedia&parent=97345"}],"wp:term":[{"taxonomy":"category","embeddable":true,"href":"https:\/\/haberulus.net\/index.php?rest_route=%2Fwp%2Fv2%2Fcategories&post=97345"},{"taxonomy":"post_tag","embeddable":true,"href":"https:\/\/haberulus.net\/index.php?rest_route=%2Fwp%2Fv2%2Ftags&post=97345"}],"curies":[{"name":"wp","href":"https:\/\/api.w.org\/{rel}","templated":true}]}}