{"id":97416,"date":"2023-06-12T18:05:04","date_gmt":"2023-06-12T18:05:04","guid":{"rendered":"https:\/\/haberulus.net\/?p=97416"},"modified":"2023-06-12T18:05:04","modified_gmt":"2023-06-12T18:05:04","slug":"ali-koc-uzun-bir-suredir-turkiyede-secimler-tek-adayla-yapiliyor","status":"publish","type":"post","link":"https:\/\/haberulus.net\/?p=97416","title":{"rendered":"Ali Ko\u00e7: Uzun bir s\u00fcredir T\u00fcrkiye\u2019de se\u00e7imler tek adayla yap\u0131l\u0131yor"},"content":{"rendered":"<p>Kul\u00fcpler Birli\u011fi Ba\u015fkan\u0131 Ali Ko\u00e7, T\u00fcrkiye Futbol Federasyonu (TFF) Ba\u015fkanl\u0131k se\u00e7imi ile ilgili yap\u0131lan ve 5 saat s\u00fcren toplant\u0131n\u0131n ard\u0131ndan konu\u015ftu.<\/p>\n<p>Toplant\u0131n\u0131n ana maddesinin TFF se\u00e7imi oldu\u011funu belirten Ali Ko\u00e7, \u015funlar\u0131 s\u00f6yledi:<\/p>\n<p>\u201cToplant\u0131m\u0131z\u0131n ana maddesi \u00f6n\u00fcm\u00fczdeki TFF se\u00e7imiyle alakal\u0131. Bu konu\u015fmay\u0131 2 hafta evvel Kul\u00fcpler Birli\u011fi\u2019nde yapt\u0131k. Oradan \u00e7\u0131kan sonu\u00e7, netice do\u011frultusunda \u015f\u00f6yle bir karar verdik. T\u00fcrkiye Futbol Federasyonu\u2019nun ba\u015fkanl\u0131\u011f\u0131na aday olan veya aday olacaklar kim ise gelip projelerini bizlere anlatmalar\u0131, bizlerin de kul\u00fcpler olarak payda\u015flar\u0131m\u0131z\u0131, s\u0131k\u0131nt\u0131lar\u0131m\u0131z\u0131, dertlerimizi bunlar\u0131n baz\u0131lar\u0131 k\u0131sa vadede ivedilikle \u00e7\u00f6z\u00fclecek \u015feyler, baz\u0131lar\u0131 orta vade, baz\u0131lar\u0131 uzun vade bu konularda bir isti\u015fare yapmakt\u0131. Ge\u00e7en hafta toplanacakt\u0131k ama hem \u015eampiyonlar Ligi takviminden dolay\u0131 ba\u015fkan\u0131m\u0131z me\u015fguld\u00fc hem de hafta i\u00e7i ma\u00e7lar vard\u0131. Bug\u00fcne nasip oldu ve biliyorsunuz 15\u2019inde de adayl\u0131k s\u00fcreci kapan\u0131yor. Uzun bir s\u00fcredir T\u00fcrkiye\u2019de se\u00e7imler tek adayla yap\u0131l\u0131yor. Bizler Kul\u00fcpler Birli\u011fi olarak birden \u00e7ok adayl\u0131 se\u00e7imlerin yap\u0131lmas\u0131n\u0131n daha uygun bir y\u00f6ntem olaca\u011f\u0131n\u0131 d\u00fc\u015f\u00fcn\u00fcyoruz. Rekabetin oldu\u011fu her yerde hizmetin kalitesi de artar. Ama tabii bu bizim kontrol\u00fcm\u00fczde olan bir durum de\u011fil. Futbolun en \u00f6nemli payda\u015flar\u0131n\u0131n temsilcisi olarak bunun burada not edilmesini rica ediyoruz. G\u00f6r\u00fcnen o ki yine tek adayl\u0131 bir se\u00e7ime gidiyoruz. Bu ba\u011flamda Say\u0131n B\u00fcy\u00fckek\u015fi geldi bizlere yapt\u0131klar\u0131n\u0131 ve bundan sonra yapacaklar\u0131n\u0131, d\u00fc\u015f\u00fcnd\u00fcklerini anlatt\u0131. Biliyorsunuz bizim amirimiz T\u00fcrkiye Futbol Federasyonu ve ba\u015fkan\u0131d\u0131r. Ama bug\u00fcn futbolun en \u00f6nemli payda\u015flar\u0131 tart\u0131\u015fmas\u0131z tak\u0131mlard\u0131r, kul\u00fcplerdir.<\/p>\n<p>Bug\u00fcn bakt\u0131\u011f\u0131n\u0131z zaman futbol sekt\u00f6r\u00fcn\u00fcn i\u00e7inde s\u00f6z\u00fc en az dinlenen, sesi en az \u00e7\u0131kan kul\u00fcpler olmaktad\u0131r. Bu finansal konularla ilgili olur, menfaatlerimizle ilgili olur, teknoloji yat\u0131r\u0131mlar\u0131 olur, hakem performans\u0131 olur, g\u00f6zlemci, temsilci kurumlar\u0131n olu\u015fumu olur. Hangi konudan bakarsan\u0131z bak\u0131n asl\u0131nda burada en az s\u00f6z sahibi olan bu sekt\u00f6r\u00fcn en \u00f6nemli en a\u011f\u0131rl\u0131kl\u0131 payda\u015flar\u0131 olan kul\u00fcplerdir.\u201d<\/p>\n<p><b>\u201cFUTBOLUN \u0130\u00c7\u0130NDEN GELEN B\u0130R \u0130S\u0130M OLMASINI \u0130ST\u0130YORUZ\u201d<\/b><\/p>\n<p>Ali Ko\u00e7, TFF kurullar\u0131n\u0131n de\u011fi\u015fmesi gerekti\u011fini ve TFF Y\u00f6netimi\u2019nde kul\u00fcpleri temsilen, futbolun i\u00e7inden gelen futbolun dinamiklerini bilen bir ismin de olmas\u0131n\u0131 istediklerini de s\u00f6yledi.<\/p>\n<p>Ali Ko\u00e7, bir \u00e7ok kul\u00fcp ba\u015fkan\u0131n\u0131n Mehmet B\u00fcy\u00fckek\u015fi\u2019ye \u201cHay\u0131rl\u0131 olsun\u201d dediklerini de ifade ederek, \u201cKul\u00fcpler Birli\u011fi\u2019nden say\u0131n ba\u015fkana destek var m\u0131 diye soracaks\u0131n\u0131z. Kul\u00fcplerin b\u00fcy\u00fck bir \u00e7o\u011funlu\u011fu ba\u015fkan\u0131n \u00e7al\u0131\u015fmalar\u0131ndan, harcad\u0131\u011f\u0131 mesaiden ve niyetinden memnun. Herkes sonu\u00e7lardan memnun mu? Hay\u0131r. Ama 1 y\u0131ldan k\u0131sa bir s\u00fcrede harcanan mesai, niyet, ula\u015f\u0131labilirlik konular\u0131nda kul\u00fcplerin b\u00fcy\u00fck \u00e7o\u011funlu\u011fu memnun. \u0130leriye d\u00f6n\u00fck olarak da say\u0131n B\u00fcy\u00fckek\u015fi\u2019yi destekliyor kul\u00fcplerin b\u00fcy\u00fck bir \u00e7o\u011funlu\u011fu. Ba\u015fka bir aday da olmamas\u0131 sebebiyle \u2018Say\u0131n B\u00fcy\u00fckek\u015fi hay\u0131rl\u0131 u\u011furlu olsun\u2019 dediler\u201d de\u011ferlendirmesinde bulundu.<\/p>\n<p><b>\u201c\u015eAMP\u0130YONLUK PR\u0130M\u0130 AZ\u201d<\/b><\/p>\n<p>Ali Ko\u00e7 kul\u00fcp gelirlerinin art\u0131r\u0131lmas\u0131 gerekti\u011finin alt\u0131n\u0131 \u00e7izerek, bunun i\u00e7in kaynaklar yarat\u0131lmas\u0131 gerekti\u011fini s\u00f6yledi ve \u015fampiyonluk priminin bile \u00e7ok az oldu\u011funu \u015fu s\u00f6zlerle vurgulad\u0131:<\/p>\n<p>\u201cT\u00fcrkiye Ligi\u2019nin \u015fampiyonluk primi 1 milyon Euro\u2019nun alt\u0131nda\u2026 25 milyon TL ediyor bug\u00fcnk\u00fc de\u011ferde\u2026 Euroleague\u2019den \u015fikayet ediyoruz ama bu Euroleague\u2019nin bile alt\u0131nda\u2026 Euroleague\u2019de baz\u0131 kul\u00fcpler 4-6 milyon Euro aras\u0131nda al\u0131yor, baz\u0131lar\u0131 ise 8-10 milyon Euro aras\u0131 kazan\u0131yor.\u201d<\/p>\n","protected":false},"excerpt":{"rendered":"<p>Kul\u00fcpler Birli\u011fi&#8217;nin T\u00fcrkiye Futbol Federasyonu Ba\u015fkanl\u0131k se\u00e7imi i\u00e7in yapt\u0131\u011f\u0131 toplant\u0131n\u0131n ard\u0131ndan Ali Ko\u00e7 a\u00e7\u0131klamalarda bulundu.<\/p>\n","protected":false},"author":1,"featured_media":97417,"comment_status":"closed","ping_status":"open","sticky":false,"template":"","format":"standard","meta":{"footnotes":""},"categories":[31],"tags":[271,955,1153,788,1412],"class_list":["post-97416","post","type-post","status-publish","format-standard","has-post-thumbnail","hentry","category-spor","tag-aday","tag-bazi","tag-euro","tag-futbol","tag-kulupler"],"_links":{"self":[{"href":"https:\/\/haberulus.net\/index.php?rest_route=\/wp\/v2\/posts\/97416","targetHints":{"allow":["GET"]}}],"collection":[{"href":"https:\/\/haberulus.net\/index.php?rest_route=\/wp\/v2\/posts"}],"about":[{"href":"https:\/\/haberulus.net\/index.php?rest_route=\/wp\/v2\/types\/post"}],"author":[{"embeddable":true,"href":"https:\/\/haberulus.net\/index.php?rest_route=\/wp\/v2\/users\/1"}],"replies":[{"embeddable":true,"href":"https:\/\/haberulus.net\/index.php?rest_route=%2Fwp%2Fv2%2Fcomments&post=97416"}],"version-history":[{"count":1,"href":"https:\/\/haberulus.net\/index.php?rest_route=\/wp\/v2\/posts\/97416\/revisions"}],"predecessor-version":[{"id":97418,"href":"https:\/\/haberulus.net\/index.php?rest_route=\/wp\/v2\/posts\/97416\/revisions\/97418"}],"wp:featuredmedia":[{"embeddable":true,"href":"https:\/\/haberulus.net\/index.php?rest_route=\/wp\/v2\/media\/97417"}],"wp:attachment":[{"href":"https:\/\/haberulus.net\/index.php?rest_route=%2Fwp%2Fv2%2Fmedia&parent=97416"}],"wp:term":[{"taxonomy":"category","embeddable":true,"href":"https:\/\/haberulus.net\/index.php?rest_route=%2Fwp%2Fv2%2Fcategories&post=97416"},{"taxonomy":"post_tag","embeddable":true,"href":"https:\/\/haberulus.net\/index.php?rest_route=%2Fwp%2Fv2%2Ftags&post=97416"}],"curies":[{"name":"wp","href":"https:\/\/api.w.org\/{rel}","templated":true}]}}