{"id":97525,"date":"2023-06-13T06:35:32","date_gmt":"2023-06-13T06:35:32","guid":{"rendered":"https:\/\/haberulus.net\/?p=97525"},"modified":"2023-06-13T06:35:32","modified_gmt":"2023-06-13T06:35:32","slug":"cumhurbaskani-yardimcisi-yilmaz-rekabet-acisindan-bu-muhalefetten-sikayetci-degiliz","status":"publish","type":"post","link":"https:\/\/haberulus.net\/?p=97525","title":{"rendered":"Cumhurba\u015fkan\u0131 Yard\u0131mc\u0131s\u0131 Y\u0131lmaz: Rekabet a\u00e7\u0131s\u0131ndan bu muhalefetten \u015fikayet\u00e7i de\u011filiz"},"content":{"rendered":"<p>\u0130stanbul&#8217;da \u00dcmraniye Belediyesi taraf\u0131ndan d\u00fczenlenen &#8216;Do\u011fu ve G\u00fcneydo\u011fu Hem\u015feri Bulu\u015fmas\u0131&#8217; program\u0131nda konu\u015fan Cumhurba\u015fkan\u0131 Yard\u0131mc\u0131s\u0131 Cevdet Y\u0131lmaz muhalefetle ilgili dikkat \u00e7eken de\u011ferlendirmelerde bulundu.<\/p>\n<p><b>&#8220;MUHALEFET\u0130N GENEL BA\u015eKANI &#8216;ERDO\u011eAN&#8217;I TEBR\u0130K ED\u0130YORUM&#8217; D\u0130YEMED\u0130&#8221;<\/b><\/p>\n<p>Y\u0131lmaz, &#8220;Hala ana muhalefetin genel ba\u015fkan\u0131 \u00e7\u0131k\u0131p da &#8220;Ben halk\u0131n \u00f6zg\u00fcr iradesiyle ortaya koydu\u011fu bu sonuca sayg\u0131 duyuyorum, kazanan Recep Tayyip Erdo\u011fan&#8217;\u0131 tebrik ediyorum&#8221; diyemedi maalesef. Bu da halk\u0131n vicdan\u0131na havale edece\u011fimiz bir tutumdur&#8221; dedi.<\/p>\n<p><b>&#8220;BA\u015eARILI OLMAK \u0130ST\u0130YORLARSA D\u00d6N\u00dcP AYNAYA BAKSINLAR&#8221;<\/b><\/p>\n<p>Rekabet a\u00e7\u0131s\u0131ndan muhalefetten \u015fikayet\u00e7i olmad\u0131klar\u0131n\u0131 ifade eden Y\u0131lmaz, &#8220;Bizim sadece k\u00fc\u00e7\u00fck bir tavsiyemiz olabilir. Muhalefete dan\u0131\u015fmanl\u0131k yapmak durumunda de\u011filiz ama bizi bu duruma da d\u00fc\u015f\u00fcr\u00fcyorlar maalesef. Ba\u015far\u0131l\u0131 olmak istiyorlarsa topu ba\u015fka yerlere atmak yerine aynaya d\u00f6n\u00fcp kendilerine baks\u0131nlar. <\/p>\n<p><b>&#8220;DAHA N\u0130TEL\u0130KL\u0130 B\u0130R MUHALEFET\u0130N OLMASI GEREK\u0130YOR&#8221;<\/b><\/p>\n<p>Eksiklerini sorgulas\u0131nlar. A\u00e7\u0131k konu\u015fal\u0131m, bizim muhalefetten \u015fikayetimiz yok. Ama \u00fclkemiz ad\u0131na daha nitelikli daha g\u00fc\u00e7l\u00fc bir muhalefetin olmas\u0131 gerekti\u011fini de d\u00fc\u015f\u00fcn\u00fcyoruz&#8221; ifadelerini kulland\u0131.<\/p>\n","protected":false},"excerpt":{"rendered":"<p>Cumhurba\u015fkan\u0131 Yard\u0131mc\u0131s\u0131 Cevdet Y\u0131lmaz, &#8220;Rekabet a\u00e7\u0131s\u0131ndan bu muhalefetten \u015fikayet\u00e7i de\u011filiz. Bizim sadece k\u00fc\u00e7\u00fck bir tavsiyemiz olabilir. Ba\u015far\u0131l\u0131 olmak istiyorlarsa topu ba\u015fka yerlere atmak yerine aynaya d\u00f6n\u00fcp kendilerine baks\u0131nlar, eksiklerini sorgulas\u0131nlar&#8221; diye konu\u015ftu.<\/p>\n","protected":false},"author":1,"featured_media":0,"comment_status":"closed","ping_status":"open","sticky":false,"template":"","format":"standard","meta":{"footnotes":""},"categories":[28],"tags":[],"class_list":["post-97525","post","type-post","status-publish","format-standard","hentry","category-politika"],"_links":{"self":[{"href":"https:\/\/haberulus.net\/index.php?rest_route=\/wp\/v2\/posts\/97525","targetHints":{"allow":["GET"]}}],"collection":[{"href":"https:\/\/haberulus.net\/index.php?rest_route=\/wp\/v2\/posts"}],"about":[{"href":"https:\/\/haberulus.net\/index.php?rest_route=\/wp\/v2\/types\/post"}],"author":[{"embeddable":true,"href":"https:\/\/haberulus.net\/index.php?rest_route=\/wp\/v2\/users\/1"}],"replies":[{"embeddable":true,"href":"https:\/\/haberulus.net\/index.php?rest_route=%2Fwp%2Fv2%2Fcomments&post=97525"}],"version-history":[{"count":1,"href":"https:\/\/haberulus.net\/index.php?rest_route=\/wp\/v2\/posts\/97525\/revisions"}],"predecessor-version":[{"id":97526,"href":"https:\/\/haberulus.net\/index.php?rest_route=\/wp\/v2\/posts\/97525\/revisions\/97526"}],"wp:attachment":[{"href":"https:\/\/haberulus.net\/index.php?rest_route=%2Fwp%2Fv2%2Fmedia&parent=97525"}],"wp:term":[{"taxonomy":"category","embeddable":true,"href":"https:\/\/haberulus.net\/index.php?rest_route=%2Fwp%2Fv2%2Fcategories&post=97525"},{"taxonomy":"post_tag","embeddable":true,"href":"https:\/\/haberulus.net\/index.php?rest_route=%2Fwp%2Fv2%2Ftags&post=97525"}],"curies":[{"name":"wp","href":"https:\/\/api.w.org\/{rel}","templated":true}]}}