{"id":97651,"date":"2023-06-13T08:51:02","date_gmt":"2023-06-13T08:51:02","guid":{"rendered":"https:\/\/haberulus.net\/?p=97651"},"modified":"2023-06-13T08:51:02","modified_gmt":"2023-06-13T08:51:02","slug":"mendirekteki-catlaklar-1-yilda-6-santimetre-genisledi","status":"publish","type":"post","link":"https:\/\/haberulus.net\/?p=97651","title":{"rendered":"Mendirekteki \u00e7atlaklar 1 y\u0131lda 6 santimetre geni\u015fledi"},"content":{"rendered":"<p>Helenistik d\u00f6nemden bug\u00fcne bir\u00e7ok medeniyete ev sahipli\u011fi yapan tarihi Kalei\u00e7i\u2019nde e\u015fsiz manzaraya sahip yat liman\u0131 ve iskelesinde 2018\u2019den bu yana g\u00f6r\u00fclen tehlike s\u00fcr\u00fcyor.<\/p>\n<p>Kalei\u00e7i Yat Liman\u0131 Kooperatif \u00fcyesi tekneciler ile TURMEPA Antalya \u015eubesi y\u00f6neticileri, her g\u00fcn on binlerce ki\u015finin \u00fczerinde hem denizi hem yat liman\u0131n\u0131 hem de Kalei\u00e7i\u2019ni seyredebildi\u011fi mendirekteki \u00e7atlaklar\u0131n g\u00fcn ge\u00e7tikte b\u00fcy\u00fcd\u00fc\u011f\u00fcn\u00fc tespit etti.<\/p>\n<p>\u00c7atlaklar aras\u0131 2022 y\u0131l\u0131nda 16 santimetreyken; 1 y\u0131lda bo\u015flu\u011fun geni\u015fli\u011fi 22 santimetreye ula\u015ft\u0131. \u00d6zellikle k\u0131\u015f\u0131n dev dalgalar\u0131n mendire\u011fi d\u00f6vmesi ile \u00e7atlaklar\u0131n boyutunun b\u00fcy\u00fcd\u00fc\u011f\u00fc belirlendi. Mendire\u011fin ba\u015f\u0131ndan sonuna \u00e7ok say\u0131da irili ufakl\u0131 \u00e7atlak oldu\u011fu g\u00f6r\u00fcld\u00fc.<\/p>\n<p><img decoding=\"async\" src=\"https:\/\/i01.sozcucdn.com\/wp-content\/uploads\/2023\/06\/13\/resimid_231912331_23191233.jpg\" alt=\"\" title=\"\"><\/p>\n<p><strong>\u2018G\u0130TG\u0130DE \u00c7\u00d6KMEYE BA\u015eLIYOR\u2019<\/strong><\/p>\n<p>TURMEPA Antalya \u015eube Ba\u015fkan\u0131 \u0130zzet \u00dcnl\u00fc, 1983 y\u0131l\u0131nda in\u015fa edilen mendire\u011fin dolgu malzemelerinin a\u015f\u0131nmas\u0131 ile ta\u015flar\u0131n birbirinden ayr\u0131ld\u0131\u011f\u0131n\u0131 belirtti. \u00dcnl\u00fc, \u00f6zellikle turistlerin y\u00fcr\u00fcrken d\u00fc\u015fme tehlikesi ge\u00e7irdi\u011fini s\u00f6yledi.<\/p>\n<p>Tatilcilerin mendirek \u00fczerinde hem denizi seyretti\u011fini hem de yat liman\u0131n\u0131n foto\u011fraflar\u0131n\u0131 \u00e7ekti\u011fini belirten \u00dcnl\u00fc, \u201cBirka\u00e7 turist d\u00fc\u015fme tehlikesi ge\u00e7irdi. Birini d\u00fc\u015ferken kurtard\u0131m. Turistin aya\u011f\u0131 \u00e7atlaklara s\u0131k\u0131\u015ft\u0131, neredeyse denize d\u00fc\u015f\u00fcyordu\u201d dedi.<\/p>\n<p><img decoding=\"async\" src=\"https:\/\/i01.sozcucdn.com\/wp-content\/uploads\/2023\/06\/13\/resimid_231912291_23191229.jpg\" alt=\"\" title=\"\"><\/p>\n<p>\u00c7atlaklar\u0131n 1 y\u0131lda 5-6 santimetre geni\u015fledi\u011fine dikkat \u00e7eken \u00dcnl\u00fc, el birli\u011fi ile bu alana dolgu malzemesiyle m\u00fcdahale edilmesi gerekti\u011fini, m\u00fcdahale edilmemesi halinde mendire\u011fin \u00e7\u00f6kece\u011fini belirterek, \u201cBuras\u0131 i\u00e7in acil eylem plan\u0131 olu\u015fturulmal\u0131. Gitgide \u00e7\u00f6kmeye ba\u015fl\u0131yor. Dalga hareketi ve zamanla mendire\u011fin zemini bo\u015fal\u0131yor\u201d diye konu\u015ftu. (DHA)<\/p>\n","protected":false},"excerpt":{"rendered":"<p>Antalya&#8217;n\u0131n tarihi Kalei\u00e7i Yat Liman\u0131&#8217;nda 40 y\u0131ll\u0131k mendirekteki derin \u00e7atlaklar, g\u00fcn ge\u00e7tik\u00e7e b\u00fcy\u00fcd\u00fc. \u00c7atlaklar\u0131n 1 y\u0131lda 5-6 santimetre geni\u015fledi\u011fini belirten DenizTemiz Derne\u011fi (TURMEPA) Antalya \u015eube Ba\u015fkan\u0131 \u0130zzet \u00dcnl\u00fc, &#8220;Buras\u0131 i\u00e7in acil eylem plan\u0131 olu\u015fturulmal\u0131. Gitgide \u00e7\u00f6kmeye ba\u015fl\u0131yor. Dalga hareketi ve zamanla mendire\u011fin zemini bo\u015fal\u0131yor&#8221; dedi.<\/p>\n","protected":false},"author":1,"featured_media":97652,"comment_status":"closed","ping_status":"open","sticky":false,"template":"","format":"standard","meta":{"footnotes":""},"categories":[26],"tags":[6298],"class_list":["post-97651","post","type-post","status-publish","format-standard","has-post-thumbnail","hentry","category-gundem","tag-catlaklar"],"_links":{"self":[{"href":"https:\/\/haberulus.net\/index.php?rest_route=\/wp\/v2\/posts\/97651","targetHints":{"allow":["GET"]}}],"collection":[{"href":"https:\/\/haberulus.net\/index.php?rest_route=\/wp\/v2\/posts"}],"about":[{"href":"https:\/\/haberulus.net\/index.php?rest_route=\/wp\/v2\/types\/post"}],"author":[{"embeddable":true,"href":"https:\/\/haberulus.net\/index.php?rest_route=\/wp\/v2\/users\/1"}],"replies":[{"embeddable":true,"href":"https:\/\/haberulus.net\/index.php?rest_route=%2Fwp%2Fv2%2Fcomments&post=97651"}],"version-history":[{"count":1,"href":"https:\/\/haberulus.net\/index.php?rest_route=\/wp\/v2\/posts\/97651\/revisions"}],"predecessor-version":[{"id":97653,"href":"https:\/\/haberulus.net\/index.php?rest_route=\/wp\/v2\/posts\/97651\/revisions\/97653"}],"wp:featuredmedia":[{"embeddable":true,"href":"https:\/\/haberulus.net\/index.php?rest_route=\/wp\/v2\/media\/97652"}],"wp:attachment":[{"href":"https:\/\/haberulus.net\/index.php?rest_route=%2Fwp%2Fv2%2Fmedia&parent=97651"}],"wp:term":[{"taxonomy":"category","embeddable":true,"href":"https:\/\/haberulus.net\/index.php?rest_route=%2Fwp%2Fv2%2Fcategories&post=97651"},{"taxonomy":"post_tag","embeddable":true,"href":"https:\/\/haberulus.net\/index.php?rest_route=%2Fwp%2Fv2%2Ftags&post=97651"}],"curies":[{"name":"wp","href":"https:\/\/api.w.org\/{rel}","templated":true}]}}