{"id":97654,"date":"2023-06-13T08:51:03","date_gmt":"2023-06-13T08:51:03","guid":{"rendered":"https:\/\/haberulus.net\/?p=97654"},"modified":"2023-06-13T08:51:03","modified_gmt":"2023-06-13T08:51:03","slug":"acili-annenin-tek-istegi-adalet","status":"publish","type":"post","link":"https:\/\/haberulus.net\/?p=97654","title":{"rendered":"Ac\u0131l\u0131 annenin tek iste\u011fi adalet"},"content":{"rendered":"<p>Hasan G\u00fcven Caddesi\u2019ndeki bir sitede apartman\u0131n \u00fcst kat\u0131nda, 16 Ocak 2022 g\u00fcn\u00fc saat 14.30 s\u0131ralar\u0131nda yang\u0131n \u00e7\u0131kt\u0131. \u0130hbar \u00fczerine b\u00f6lgeye AKS 110, itfaiye ve polis ekipleri sevk edildi.<\/p>\n<p>Yang\u0131n\u0131n \u00e7\u0131kt\u0131\u011f\u0131 dairedeki 4 ki\u015fi itfaiye merdiveniyle kurtar\u0131ld\u0131. D\u0131\u015far\u0131 \u00e7\u0131kmad\u0131\u011f\u0131 belirlenen Kaan Yal\u00e7\u0131n ise asans\u00f6rde hareketsiz yatarken bulundu.<\/p>\n<p>Yap\u0131lan kontrolde, Yal\u00e7\u0131n&#8217;\u0131n hayat\u0131n\u0131 kaybetti\u011fi tespit edildi. Arkada\u015f\u0131n\u0131 ziyaret etmek i\u00e7in apartmana gelen Yal\u00e7\u0131n&#8217;\u0131n mahsur kalanlar\u0131 kurtarmak isterken dumandan zehirlendi\u011fi belirlendi.<\/p>\n<p><strong>\u2018\u00c7IKI\u015e SEBEB\u0130 KISA DEVRE\u2019<\/strong><\/p>\n<p>\u0130zmir B\u00fcy\u00fck\u015fehir Belediyesi \u0130tfaiye Daire Ba\u015fkanl\u0131\u011f\u0131 ekiplerince yang\u0131na ili\u015fkin haz\u0131rlanan raporda yang\u0131n\u0131n 4\u2019\u00fcnc\u00fc kattaki dairenin mutfa\u011f\u0131ndaki elektrik kablolar\u0131n\u0131n k\u0131sa devre yapmas\u0131 sonucu \u00e7\u0131kt\u0131\u011f\u0131 belirtilerek, \u201cYang\u0131n\u0131n, 4\u2019\u00fcnc\u00fc kattaki 405 numaral\u0131 dairenin mutfa\u011f\u0131ndaki elektrik kablolar\u0131n\u0131n a\u015f\u0131nma, y\u0131pranma, eskime, deforme olma gibi nedenlerle k\u0131sa devre yapmas\u0131n\u0131n sonucu olarak olu\u015fan k\u0131v\u0131lc\u0131m ve \u0131s\u0131n\u0131n kablolar\u0131n izolasyon kaplamas\u0131n\u0131 tutu\u015fturdu\u011fu, tutu\u015fman\u0131n ard\u0131ndan alevlerin, mutfakta bulunan ve kolay yanabilen e\u015fyalara sirayet etmesi ile \u00e7\u0131km\u0131\u015f olabilece\u011fi kanaatine var\u0131lm\u0131\u015ft\u0131r\u201d denildi.<\/p>\n<p><strong>\u2018B\u0130R AN B\u0130LE D\u00dc\u015e\u00dcNMEDEN YARDIMA KO\u015eMU\u015e\u2019<\/strong><\/p>\n<p>Kaan Yal\u00e7\u0131n&#8217;\u0131n annesi Serpil \u00d6zkan, sorumlular\u0131n yarg\u0131lan\u0131p cezaland\u0131r\u0131lmas\u0131n\u0131 isteyerek olay\u0131n \u00fczerinden 1,5 y\u0131la yak\u0131n s\u00fcre ge\u00e7mesine ra\u011fmen hen\u00fcz iddianamenin haz\u0131rlanmad\u0131\u011f\u0131n\u0131 s\u00f6yledi.<\/p>\n<p>\u00d6zkan, \u015fu ifadeleri kulland\u0131:<\/p>\n<p>*Anne-o\u011ful kendimize bir hayat kurduk. 24 y\u0131l babas\u0131 bizi hi\u00e7 aray\u0131p sormad\u0131. Cenazesine bile gelmedi.<\/p>\n<p>*Benim \u00e7ocu\u011fum d\u00fcnya iyisi bir \u00e7ocuktu. T\u00fcm canl\u0131lar\u0131 \u00e7ok severdi. B\u00fcy\u00fcklerine sayg\u0131l\u0131, k\u00fc\u00e7\u00fcklerine sevgiliydi. Kimseye zarar\u0131 olmayan bir \u00e7ocuktu. T\u00fcm hayat\u0131m \u00e7ocu\u011fum \u00fczerineydi. Gencecik aslan gibi \u00e7ocu\u011fum askerli\u011fini yapt\u0131, \u00fcniversitesini okudu.<\/p>\n<p>*Hayata at\u0131lmaya haz\u0131rland\u0131\u011f\u0131 d\u00f6nemde o g\u00fcn yard\u0131m \u00e7\u0131\u011fl\u0131klar\u0131n\u0131 duyunca bir an bile d\u00fc\u015f\u00fcnmeden yard\u0131ma ko\u015fmu\u015f. Apartmanda hi\u00e7bir \u015fey \u00e7al\u0131\u015fmam\u0131\u015f. \u00c7ocu\u011fum k\u00f6r\u00fc k\u00f6r\u00fcne \u00f6ld\u00fc. Tek iste\u011fi insanlara yard\u0131m etmekti.<\/p>\n<p>*\u0130nsan hayat\u0131 bu kadar ucuz mu? Herkes hayat\u0131na geri d\u00f6nd\u00fc ama benim hayat\u0131m alt \u00fcst oldu. Bunlarla u\u011fra\u015fmaktan yas\u0131m\u0131 tutam\u0131yorum. Biz adalet istiyoruz. \u0130stedi\u011fimiz tek \u015fey bu.<\/p>\n<p><img decoding=\"async\" src=\"https:\/\/i01.sozcucdn.com\/wp-content\/uploads\/2023\/06\/13\/yanginda-mahsur-kalanlari-kurtarmak-isterken-olen-kaanin-annesi-istedigimiz-tek-sey-adalet_4968_dhaphoto2-1-e1686644097383.jpg\" alt=\"\" title=\"\"><\/p>\n<p><strong>\u2018TEK EKS\u0130K B\u0130R \u0130FADE\u2019<\/strong><\/p>\n<p>Ailenin avukat\u0131 \u00c7a\u011fda\u015f Karaba\u015f, al\u0131namayan bir ifade sebebiyle iddianamenin haz\u0131rlanamad\u0131\u011f\u0131n\u0131 s\u00f6yledi.<\/p>\n<p>Karaba\u015f, \u015fu ifadeleri kulland\u0131:<\/p>\n<p>*Olay\u0131n ard\u0131ndan m\u00fcteahhit firma yetkilisi savc\u0131n\u0131n talimat\u0131 \u00fczerine ifadesini verdi. \u0130fadesinde elektrik i\u015flerinin alt ta\u015feron olan R.\u0130. taraf\u0131ndan yap\u0131ld\u0131\u011f\u0131n\u0131 beyan etti.<\/p>\n<p>*Beyan \u00fczerine savc\u0131l\u0131k makam\u0131 R.\u0130.\u2019nin ifadesinin al\u0131nmas\u0131 y\u00f6n\u00fcnde karar verdi. Ancak R.\u0130. sistemde kay\u0131tl\u0131 adreslerinde bulunamad\u0131\u011f\u0131 i\u00e7in ifadesi al\u0131namad\u0131.<\/p>\n<p>*Bir\u00e7ok adresi tespit edildi ama bulunamad\u0131. Bunun \u00fczerine R.\u0130.\u2019nin yakalanmas\u0131 y\u00f6n\u00fcnde 2022\u2019nin kas\u0131m ay\u0131nda bir dilek\u00e7e verdik.<\/p>\n<p>*Aradan ge\u00e7en 7 ayl\u0131k s\u00fcrede savc\u0131l\u0131k makam\u0131 b\u00f6yle bir karar da ald\u0131rmad\u0131. Bilirki\u015fi raporunda olayda ihmal oldu\u011fu da belirtildi.<\/p>\n<p>*Tek eksi\u011fimiz bu ifade. \u0130fade al\u0131nd\u0131\u011f\u0131 taktirde iddianamenin haz\u0131rlanmas\u0131n\u0131n \u00f6n\u00fcnde engel bulunmuyor. \u0130fade al\u0131nmazsa dosyadan ayr\u0131l\u0131p, di\u011fer yetkililer hakk\u0131nda kamu davas\u0131 a\u00e7\u0131labilir.<\/p>\n<p><img decoding=\"async\" src=\"https:\/\/i01.sozcucdn.com\/wp-content\/uploads\/2023\/06\/13\/yanginda-mahsur-kalanlari-kurtarmak-isterken-olen-kaanin-annesi-istedigimiz-tek-sey-adalet_4968_dhaphoto6.jpg\" alt=\"\" title=\"\"><\/p>\n<p><strong>\u2018EN \u00d6NEML\u0130S\u0130 ADALET GE\u00c7 TECELL\u0130 ED\u0130YOR\u2019<\/strong><\/p>\n<p>Yarg\u0131laman\u0131n bir an \u00f6nce ba\u015flamas\u0131n\u0131 istediklerinin alt\u0131n\u0131 \u00e7izen Karaba\u015f, \u201cEn \u00f6nemlisi adalet ge\u00e7 tecelli ediyor. Ma\u011fdur olan anne ve akrabalar var. Ac\u0131lar\u0131 bir t\u00fcrl\u00fc dinmiyor. Bu \u00f6l\u00fcme neden olan insanlar ellerini kollar\u0131n\u0131 sallayarak rahat\u00e7a dola\u015f\u0131yorlar. Kaan\u2019\u0131n annesi manevi a\u00e7\u0131dan zor durumda ve neden olanlar\u0131n cezaland\u0131r\u0131lmas\u0131n\u0131 bekliyor. Bir adalet aray\u0131\u015f\u0131 i\u00e7erisindeyiz. Bizim de en b\u00fcy\u00fck emelimiz buna neden olan insanlar\u0131n savunma yapmalar\u0131 ve varsa cezalar\u0131n\u0131 \u00e7ekmelerini istiyoruz\u201d diye konu\u015ftu. (DHA)<\/p>\n","protected":false},"excerpt":{"rendered":"<p>\u0130zmir&#8217;in Gaziemir il\u00e7esinde l\u00fcks sitede \u00e7\u0131kan yang\u0131nda mahsur kalan vatanda\u015flar\u0131 kurtarmak isterken hayat\u0131n\u0131 kaybeden Kaan Yal\u00e7\u0131n&#8217;\u0131n annesi Serpil \u00d6zkan, olay\u0131n \u00fczerinden yakla\u015f\u0131k 1,5 y\u0131l ge\u00e7mesine ra\u011fmen h\u00e2l\u00e2 iddianamenin haz\u0131rlanmad\u0131\u011f\u0131n\u0131 s\u00f6yledi.<\/p>\n","protected":false},"author":1,"featured_media":97655,"comment_status":"closed","ping_status":"open","sticky":false,"template":"","format":"standard","meta":{"footnotes":""},"categories":[26],"tags":[1633,265,518],"class_list":["post-97654","post","type-post","status-publish","format-standard","has-post-thumbnail","hentry","category-gundem","tag-hayat","tag-ifade","tag-yangin"],"_links":{"self":[{"href":"https:\/\/haberulus.net\/index.php?rest_route=\/wp\/v2\/posts\/97654","targetHints":{"allow":["GET"]}}],"collection":[{"href":"https:\/\/haberulus.net\/index.php?rest_route=\/wp\/v2\/posts"}],"about":[{"href":"https:\/\/haberulus.net\/index.php?rest_route=\/wp\/v2\/types\/post"}],"author":[{"embeddable":true,"href":"https:\/\/haberulus.net\/index.php?rest_route=\/wp\/v2\/users\/1"}],"replies":[{"embeddable":true,"href":"https:\/\/haberulus.net\/index.php?rest_route=%2Fwp%2Fv2%2Fcomments&post=97654"}],"version-history":[{"count":1,"href":"https:\/\/haberulus.net\/index.php?rest_route=\/wp\/v2\/posts\/97654\/revisions"}],"predecessor-version":[{"id":97656,"href":"https:\/\/haberulus.net\/index.php?rest_route=\/wp\/v2\/posts\/97654\/revisions\/97656"}],"wp:featuredmedia":[{"embeddable":true,"href":"https:\/\/haberulus.net\/index.php?rest_route=\/wp\/v2\/media\/97655"}],"wp:attachment":[{"href":"https:\/\/haberulus.net\/index.php?rest_route=%2Fwp%2Fv2%2Fmedia&parent=97654"}],"wp:term":[{"taxonomy":"category","embeddable":true,"href":"https:\/\/haberulus.net\/index.php?rest_route=%2Fwp%2Fv2%2Fcategories&post=97654"},{"taxonomy":"post_tag","embeddable":true,"href":"https:\/\/haberulus.net\/index.php?rest_route=%2Fwp%2Fv2%2Ftags&post=97654"}],"curies":[{"name":"wp","href":"https:\/\/api.w.org\/{rel}","templated":true}]}}