{"id":97657,"date":"2023-06-13T08:51:04","date_gmt":"2023-06-13T08:51:04","guid":{"rendered":"https:\/\/haberulus.net\/?p=97657"},"modified":"2023-06-13T08:51:04","modified_gmt":"2023-06-13T08:51:04","slug":"meke-golu-artik-gol-degil","status":"publish","type":"post","link":"https:\/\/haberulus.net\/?p=97657","title":{"rendered":"Meke G\u00f6l\u00fc art\u0131k g\u00f6l de\u011fil"},"content":{"rendered":"<p>Meke G\u00f6l\u00fc, 5 milyon y\u0131l \u00f6nce volkanik patlamayla meydana gelen kraterin, zamanla suyla dolmas\u0131, 9 bin y\u0131l \u00f6nce ise g\u00f6l\u00fcn ortas\u0131nda ikinci patlaman\u0131n olmas\u0131 ve buran\u0131n da suyla dolmas\u0131 sonucu olu\u015ftu. Yer alt\u0131 su kaynaklar\u0131ndan beslenen ve suyu tuzlu olan Meke\u2019nin ortas\u0131nda, 50 metre y\u00fckseklikte volkan konisi bulunuyor.<\/p>\n<p><img decoding=\"async\" src=\"https:\/\/i01.sozcucdn.com\/wp-content\/uploads\/2023\/06\/13\/meke2.1_17621620.jpg\"\/><\/p>\n<p>Daha \u00f6nce 12 metre derinli\u011finde su bulunan Meke G\u00f6l\u00fc, y\u0131llard\u0131r s\u00fcren kurakl\u0131k ve bilin\u00e7siz tar\u0131msal sulama sonucu yer alt\u0131 su seviyesinin s\u00fcrekli d\u00fc\u015fmesi nedeniyle kurudu. May\u0131s ve haziran ay\u0131ndaki\u00a0ya\u011f\u0131\u015flar nedeniyle sadece bir miktar su olu\u015ftu.<\/p>\n<p><img decoding=\"async\" src=\"https:\/\/i01.sozcucdn.com\/wp-content\/uploads\/2023\/06\/13\/resimid_231912691_23191269.jpg\"\/><\/p>\n<p><strong>KURAKLI\u011eIN EN \u00d6NEML\u0130 G\u00d6STERGELER\u0130NDEN<\/strong><\/p>\n<p>Jeoloji M\u00fchendisi Prof. Dr. Fetullah Ar\u0131k, g\u00f6l\u00fcn 2000\u2019li\u00a0y\u0131llar\u0131n ba\u015f\u0131ndan itibaren kurumaya ba\u015flad\u0131\u011f\u0131n\u0131 belirtti. B\u00f6lgenin korunup, gelecek nesillere aktar\u0131lmas\u0131 gerekti\u011fine dikkat \u00e7eken Ar\u0131k, \u015funlar\u0131 s\u00f6yledi:<\/p>\n<p>\u201d2000\u2019li y\u0131llar\u0131n ba\u015f\u0131nda su seviyesi 1,5-2 metre seviyesindeyken, zaman i\u00e7erisinde devam eden kurakl\u0131kla birlikte ve yer alt\u0131 su seviyelerinin \u00e7ekilmesiyle giderek sular\u0131n\u0131 kaybetmi\u015f bir vaziyette, son birka\u00e7 y\u0131lda ise kuruma noktas\u0131na gelmi\u015f durumda. K\u0131\u015f ve bahar ya\u011f\u0131\u015flar\u0131 nedeniyle altta bulunan killi yap\u0131 sebebiyle yer yer su birikintisi olu\u015fsa da art\u0131k oray\u0131 bir g\u00f6l olarak nitelemek olduk\u00e7a g\u00fc\u00e7.<\/p>\n<p>Meke G\u00f6l\u00fc gibi \u00f6nemli ve \u00f6zel jeolojik de\u011ferimizi yitirme noktas\u0131nday\u0131z. Meke, b\u00f6lgedeki kurakl\u0131\u011f\u0131n en \u00f6nemli g\u00f6stergelerinden bir tanesidir. Ge\u00e7mi\u015fte sulak alan olarak ilan edilen yerlerden bir tanesi bir\u00e7ok g\u00f6\u00e7men ku\u015fa ev sahipli\u011fi yapan ve jeolojik miras niteli\u011finde \u00f6nemli bir b\u00f6lgedir. Bu b\u00f6lgenin korunmas\u0131 ve gelecek nesillere aktar\u0131lmas\u0131 son derece \u00f6nemli bir konu.\u201d<\/p>\n<p><img decoding=\"async\" src=\"https:\/\/i01.sozcucdn.com\/wp-content\/uploads\/2023\/06\/13\/resimid_231912681_23191268.jpg\"\/><\/p>\n<p><strong>\u2018YA\u011eI\u015eLAR, \u0130STEN\u0130LEN SEV\u0130YEDE FAYDALI DE\u011e\u0130L\u2019<\/strong><\/p>\n<p>Son ya\u011f\u0131\u015flar\u0131n, ba\u015fta Meke G\u00f6l\u00fc olmak \u00fczere di\u011fer g\u00f6llerde de istenilen seviyede faydal\u0131 olmad\u0131\u011f\u0131n\u0131 s\u00f6yleyen\u00a0Ar\u0131k, \u201cBa\u015fta Meke gibi \u00e7evredeki jeolojik miraslar\u0131 i\u00e7ine alan Ac\u0131 G\u00f6l ve \u00e7evredeki g\u00f6rsel olarak g\u00fczel olan obruklar hatta\u00a0Timra\u015f Obru\u011fu\u2019na kadar olan b\u00f6lge Karatay Belediyesi \u00f6nc\u00fcl\u00fc\u011f\u00fcnde jeolojik miras olarak projeler y\u00fcr\u00fct\u00fcl\u00fcyor. Bunun i\u00e7erisinde \u00c7\u0131ral\u0131, Meyil, K\u0131z\u0131l\u00f6ren Obru\u011fu, Meke, Ac\u0131 G\u00f6l gibi volkanik yap\u0131lar, hatta \u00c7atalh\u00fcy\u00fck,\u00a0Hotam\u0131\u015f Su Depolama ve Timra\u015f Obru\u011fu da var. Mekenin korunabilmesi i\u00e7in bizim do\u011fal meteorolojik yap\u0131y\u0131 kontrol edebilme \u015fans\u0131m\u0131z yok. Kurakl\u0131k devam edecek. Hatta 100 y\u0131l\u0131n sonuna kadar 3,5 derecelik bir art\u0131\u015f \u00f6ng\u00f6r\u00fcl\u00fcyor. 3,5 santigrat derece g\u00fcnl\u00fck bir hava de\u011fi\u015fimi olarak alg\u0131land\u0131\u011f\u0131 zaman \u00e7ok \u00f6nemli g\u00f6r\u00fcnmese de t\u00fcm d\u00fcnya \u00e7ap\u0131nda ciddi iklimsel olaylara neden oluyor. Buzul alanlar\u0131n \u00f6nemli bir b\u00f6l\u00fcm\u00fc eriyecek\u201d dedi.<\/p>\n<p><img decoding=\"async\" src=\"https:\/\/i01.sozcucdn.com\/wp-content\/uploads\/2023\/06\/13\/mekegolu-dha3.jpg\"\/><\/p>\n<p><strong>\u2018RUHSATSIZ KUYULAR KONTROL ALTINA ALINMALI\u2019<\/strong><\/p>\n<p>Baz\u0131 g\u00f6llerin kuruma noktas\u0131na geldi\u011fini ve ruhsats\u0131z kuyular\u0131n kontrol alt\u0131na al\u0131nmas\u0131 gerekti\u011fini ifade eden\u00a0Ar\u0131k, \u201cB\u00f6lgede Ac\u0131 G\u00f6l de dahil olmak \u00fczere bir\u00e7ok g\u00f6lde su seviyesi d\u00fc\u015fm\u00fc\u015f. Meke\u2019nin de i\u00e7erisinde bulundu\u011fu Ak G\u00f6l gibi, Hotam\u0131\u015f G\u00f6l\u00fc gibi g\u00f6llerimizde sular neredeyse bitme noktas\u0131na gelmi\u015f durumda. \u00d6zellikle, Ak\u015fehir G\u00f6l\u00fc\u2019nde ise kurtarma \u00e7al\u0131\u015fmalar\u0131 devam ediyor. Bu b\u00f6lgedeki en \u00f6nemli risklerden bir tanesi sulu tar\u0131m. Yer alt\u0131 su kullan\u0131m\u0131 olarak bakt\u0131\u011f\u0131m\u0131z zaman b\u00f6lgede 30-35 bin civar\u0131nda belgeli kuyular\u0131m\u0131z var ama bunun 3 kat\u0131 kadar da ruhsats\u0131z kuyu var. Ruhsats\u0131z kuyular\u0131n hangi seviyeden hangi suyu ald\u0131\u011f\u0131 net olarak bilinmiyor. Bu da suyla ilgili planlamalar\u0131n yap\u0131lmas\u0131n\u0131 g\u00fc\u00e7le\u015ftiriyor. Bu konuda uzman Devlet Su \u0130\u015fleri Genel M\u00fcd\u00fcrl\u00fc\u011f\u00fc oldu\u011fu i\u00e7in bir an \u00f6nce bir \u00e7\u00f6z\u00fcm \u00fcretmesi gerekiyor\u201d diye konu\u015ftu.<\/p>\n<p><img decoding=\"async\" src=\"https:\/\/i01.sozcucdn.com\/wp-content\/uploads\/2023\/06\/13\/resimid_231912701_23191270.jpg\"\/><\/p>\n<p><strong>\u2018METREKAREYE YILLIK 300 K\u0130LO YA\u011eI\u015e D\u00dc\u015e\u00dcYOR, 250 K\u0130LO\u00a0\u0130SE \u00c7\u00d6LLE\u015eME SINIRIDIR\u2019<\/strong><\/p>\n<p>Ya\u011f\u0131\u015flar\u0131n \u00f6nemine dikkat \u00e7eken Ar\u0131k, \u201d Karap\u0131nar b\u00f6lgesindeki\u00a0ya\u011f\u0131\u015flar\u0131m\u0131z\u0131 de\u011ferlendirirsek; metrekareye y\u0131ll\u0131k 300 kilo\u00a0ya\u011f\u0131\u015f d\u00fc\u015f\u00fcyor. 250 kilo\u00a0ise \u00e7\u00f6lle\u015fme s\u0131n\u0131r\u0131d\u0131r. Metrekareye 250 kilonun\u00a0alt\u0131nda ya\u011f\u0131\u015f d\u00fc\u015ferse, o b\u00f6lge \u00e7\u00f6l olarak nitelendiriliyor. Havza i\u00e7erisindeki Karap\u0131nar ve Tuz G\u00f6l\u00fc aras\u0131ndaki b\u00f6lgede ise ya\u011f\u0131\u015f anlam\u0131nda y\u0131ll\u0131k 250 kilonun alt\u0131nda ya\u011f\u0131\u015f d\u00fc\u015fen yerler var. Dolay\u0131s\u0131yla \u00e7\u00f6l \u015fu anda ya\u015fan\u0131lan bir durum. May\u0131s ve haziran ay\u0131ndaki ya\u011f\u0131\u015flar\u0131n tar\u0131msal \u00fcretime ciddi katk\u0131s\u0131 oldu\u011funu de\u011ferlendiriyoruz\u201d dedi.\u00a0(DHA)<\/p>\n","protected":false},"excerpt":{"rendered":"<p>Konya&#8217;n\u0131n Karap\u0131nar il\u00e7esinde bulunan ve d\u00fcnyan\u0131n nazar boncu\u011fu olarak bilinen Meke G\u00f6l\u00fc tamamen kurudu. Meke&#8217;deki kurakl\u0131k sorunu i\u00e7in, son aylarda artan ya\u011f\u0131\u015f oran\u0131 da yeterli olmad\u0131. Konya Teknik \u00dcniversitesi Jeoloji M\u00fchendisli\u011fi B\u00f6l\u00fcm Ba\u015fkan\u0131 Prof. Dr. Fetullah Ar\u0131k, &#8221;Art\u0131k oray\u0131 bir g\u00f6l olarak nitelemek olduk\u00e7a g\u00fc\u00e7. Meke gibi \u00f6nemli ve \u00f6zel jeolojik de\u011ferimizi yitirme noktas\u0131nday\u0131z&#8221; dedi.\u00a0\u00a0<\/p>\n","protected":false},"author":1,"featured_media":97658,"comment_status":"closed","ping_status":"open","sticky":false,"template":"","format":"standard","meta":{"footnotes":""},"categories":[26],"tags":[158,323,12374,1049,285],"class_list":["post-97657","post","type-post","status-publish","format-standard","has-post-thumbnail","hentry","category-gundem","tag-bolge","tag-gol","tag-meke","tag-onemli","tag-yagis"],"_links":{"self":[{"href":"https:\/\/haberulus.net\/index.php?rest_route=\/wp\/v2\/posts\/97657","targetHints":{"allow":["GET"]}}],"collection":[{"href":"https:\/\/haberulus.net\/index.php?rest_route=\/wp\/v2\/posts"}],"about":[{"href":"https:\/\/haberulus.net\/index.php?rest_route=\/wp\/v2\/types\/post"}],"author":[{"embeddable":true,"href":"https:\/\/haberulus.net\/index.php?rest_route=\/wp\/v2\/users\/1"}],"replies":[{"embeddable":true,"href":"https:\/\/haberulus.net\/index.php?rest_route=%2Fwp%2Fv2%2Fcomments&post=97657"}],"version-history":[{"count":1,"href":"https:\/\/haberulus.net\/index.php?rest_route=\/wp\/v2\/posts\/97657\/revisions"}],"predecessor-version":[{"id":97659,"href":"https:\/\/haberulus.net\/index.php?rest_route=\/wp\/v2\/posts\/97657\/revisions\/97659"}],"wp:featuredmedia":[{"embeddable":true,"href":"https:\/\/haberulus.net\/index.php?rest_route=\/wp\/v2\/media\/97658"}],"wp:attachment":[{"href":"https:\/\/haberulus.net\/index.php?rest_route=%2Fwp%2Fv2%2Fmedia&parent=97657"}],"wp:term":[{"taxonomy":"category","embeddable":true,"href":"https:\/\/haberulus.net\/index.php?rest_route=%2Fwp%2Fv2%2Fcategories&post=97657"},{"taxonomy":"post_tag","embeddable":true,"href":"https:\/\/haberulus.net\/index.php?rest_route=%2Fwp%2Fv2%2Ftags&post=97657"}],"curies":[{"name":"wp","href":"https:\/\/api.w.org\/{rel}","templated":true}]}}