{"id":97776,"date":"2023-06-13T11:05:02","date_gmt":"2023-06-13T11:05:02","guid":{"rendered":"https:\/\/haberulus.net\/?p=97776"},"modified":"2023-06-13T11:05:02","modified_gmt":"2023-06-13T11:05:02","slug":"heyete-giren-sinan-oganin-keyfi-yerinde","status":"publish","type":"post","link":"https:\/\/haberulus.net\/?p=97776","title":{"rendered":"Heyete giren Sinan O\u011fan\u2019\u0131n keyfi yerinde"},"content":{"rendered":"<p>Cumhurba\u015fkan\u0131 ve AKP Genel Ba\u015fkan\u0131 Recep Tayyip Erdo\u011fan, 28 May\u0131s se\u00e7imi sonras\u0131nda ilk yurt d\u0131\u015f\u0131 gezisini Azerbaycan\u2019a yapt\u0131.<\/p>\n<p>Erdo\u011fan\u2019\u0131n ziyareti dolay\u0131s\u0131yla ba\u015fkent Bak\u00fc\u2019deki Gen\u00e7lik Saray\u0131\u2019nda resmi t\u00f6ren d\u00fczenlendi. Cumhurba\u015fkan\u0131 Aliyev, t\u00f6ren alan\u0131na geli\u015finde Erdo\u011fan\u2019\u0131 makam arac\u0131ndan inerken kar\u015f\u0131lad\u0131.<\/p>\n<p><img decoding=\"async\" src=\"https:\/\/i01.sozcucdn.com\/wp-content\/uploads\/2023\/06\/13\/aa-20230613-31414776-31414770-cumhurbaskani_erdogan_azerbaycan_cumhurbaskani_aliyev_tarafindan_resmi_torenle_karsilandi.jpg\" alt=\"\" title=\"\"><\/p>\n<p>Erdo\u011fan ve Aliyev\u2019in t\u00f6ren alan\u0131ndaki yerlerini almas\u0131n\u0131n ard\u0131ndan iki \u00fclke milli mar\u015flar\u0131 \u00e7al\u0131nd\u0131. Mevkida\u015f\u0131 Aliyev ile t\u00f6ren k\u0131tas\u0131n\u0131 denetleyen Erdo\u011fan, askerleri selamlad\u0131. T\u00f6ren sonunda heyetlerin takdiminin ard\u0131ndan iki lider, ba\u015f ba\u015fa g\u00f6r\u00fc\u015fmeye ge\u00e7ti.<\/p>\n<p><img decoding=\"async\" src=\"https:\/\/i01.sozcucdn.com\/wp-content\/uploads\/2023\/06\/13\/resimid_231917191_23191719.jpg\" alt=\"\" title=\"\"><\/p>\n<p>T\u00f6rene D\u0131\u015fi\u015fleri Bakan\u0131 Hakan Fidan, Enerji ve Tabii Kaynaklar Bakan\u0131 Alparslan Bayraktar, Milli Savunma Bakan\u0131 Ya\u015far G\u00fcler, Ula\u015ft\u0131rma ve Altyap\u0131 Bakan\u0131 Abdulkadir Uralo\u011flu, AK Parti Genel Ba\u015fkan Yard\u0131mc\u0131s\u0131 ve Parti S\u00f6zc\u00fcs\u00fc \u00d6mer \u00c7elik, Cumhurba\u015fkanl\u0131\u011f\u0131 \u0130leti\u015fim Ba\u015fkan\u0131 Fahrettin Altun, M\u0130T Ba\u015fkan\u0131 \u0130brahim Kal\u0131n, Cumhurba\u015fkanl\u0131\u011f\u0131 Savunma Sanayii Ba\u015fkan\u0131 Haluk G\u00f6rg\u00fcn, AKP Genel Ba\u015fkanvekili Binali Y\u0131ld\u0131r\u0131m ve Sinan O\u011fan da kat\u0131ld\u0131.<\/p>\n<p>ATA \u0130ttifak\u0131\u2019ndan ayr\u0131l\u0131p, ikinci turda Erdo\u011fan\u2019a destek veren Sinan O\u011fan\u2019\u0131n keyifli anlar\u0131 objektiflere yans\u0131d\u0131.<\/p>\n<p><img decoding=\"async\" src=\"https:\/\/i01.sozcucdn.com\/wp-content\/uploads\/2023\/06\/13\/aa-20230613-31415384-31415382-cumhurbaskani_erdogan_azerbaycanda-1.jpg\" alt=\"\" title=\"\"><\/p>\n","protected":false},"excerpt":{"rendered":"<p>Erdo\u011fan, \u00fc\u00e7\u00fcnc\u00fc kez cumhurba\u015fkan\u0131 se\u00e7ildikten sonra ilk yurt d\u0131\u015f\u0131 gezisini Azerbaycan&#8217;a yapt\u0131. Gezide, ATA \u0130ttifak\u0131&#8217;ndan ayr\u0131l\u0131p, ikinci turda Erdo\u011fan&#8217;a destek veren Sinan O\u011fan da yer ald\u0131.<\/p>\n","protected":false},"author":1,"featured_media":97777,"comment_status":"closed","ping_status":"open","sticky":false,"template":"","format":"standard","meta":{"footnotes":""},"categories":[26],"tags":[188,259,1088],"class_list":["post-97776","post","type-post","status-publish","format-standard","has-post-thumbnail","hentry","category-gundem","tag-bas","tag-erdogan","tag-toren"],"_links":{"self":[{"href":"https:\/\/haberulus.net\/index.php?rest_route=\/wp\/v2\/posts\/97776","targetHints":{"allow":["GET"]}}],"collection":[{"href":"https:\/\/haberulus.net\/index.php?rest_route=\/wp\/v2\/posts"}],"about":[{"href":"https:\/\/haberulus.net\/index.php?rest_route=\/wp\/v2\/types\/post"}],"author":[{"embeddable":true,"href":"https:\/\/haberulus.net\/index.php?rest_route=\/wp\/v2\/users\/1"}],"replies":[{"embeddable":true,"href":"https:\/\/haberulus.net\/index.php?rest_route=%2Fwp%2Fv2%2Fcomments&post=97776"}],"version-history":[{"count":1,"href":"https:\/\/haberulus.net\/index.php?rest_route=\/wp\/v2\/posts\/97776\/revisions"}],"predecessor-version":[{"id":97778,"href":"https:\/\/haberulus.net\/index.php?rest_route=\/wp\/v2\/posts\/97776\/revisions\/97778"}],"wp:featuredmedia":[{"embeddable":true,"href":"https:\/\/haberulus.net\/index.php?rest_route=\/wp\/v2\/media\/97777"}],"wp:attachment":[{"href":"https:\/\/haberulus.net\/index.php?rest_route=%2Fwp%2Fv2%2Fmedia&parent=97776"}],"wp:term":[{"taxonomy":"category","embeddable":true,"href":"https:\/\/haberulus.net\/index.php?rest_route=%2Fwp%2Fv2%2Fcategories&post=97776"},{"taxonomy":"post_tag","embeddable":true,"href":"https:\/\/haberulus.net\/index.php?rest_route=%2Fwp%2Fv2%2Ftags&post=97776"}],"curies":[{"name":"wp","href":"https:\/\/api.w.org\/{rel}","templated":true}]}}