{"id":97902,"date":"2023-06-13T13:05:06","date_gmt":"2023-06-13T13:05:06","guid":{"rendered":"https:\/\/haberulus.net\/?p=97902"},"modified":"2023-06-13T13:05:06","modified_gmt":"2023-06-13T13:05:06","slug":"6-bin-yillik-kultepede-cikarilan-eserler-oyma-muzede-sergilenecek","status":"publish","type":"post","link":"https:\/\/haberulus.net\/?p=97902","title":{"rendered":"6 bin y\u0131ll\u0131k K\u00fcltepe\u2019de \u00e7\u0131kar\u0131lan eserler, oyma m\u00fczede sergilenecek"},"content":{"rendered":"<p>Kayseri-Sivas kara yolundaki Melikgazi il\u00e7esine ba\u011fl\u0131 Ba\u011fp\u0131nar Mahallesi\u2019nin giri\u015finde, 6 bin y\u0131ll\u0131k ge\u00e7mi\u015fe sahip K\u00fcltepe Kani\u015f-Karum H\u00f6y\u00fc\u011f\u00fc\u2019nden \u00e7\u0131kar\u0131lan yakla\u015f\u0131k 25 bin tarihi eserin sergilenmesi i\u00e7in kayadan oyma m\u00fczenin yap\u0131m \u00e7al\u0131\u015fmalar\u0131 6 ay \u00f6nce ba\u015flad\u0131. Bu kapsamda ekiplerin \u00e7al\u0131\u015fmas\u0131 devam ediyor.<\/p>\n<p>Oyma m\u00fcze tamamland\u0131ktan sonra K\u00fcltepe Kani\u015f-Karum H\u00f6y\u00fc\u011f\u00fc\u2019nden \u00e7\u0131kar\u0131lan eserler burada sergilenecek.<\/p>\n<p>Kayseri B\u00fcy\u00fck\u015fehir Belediyesi Kent Tarihi ve Tan\u0131t\u0131m\u0131 Daire Ba\u015fkan\u0131 G\u00fcrcan Senem, \u201cK\u00fcltepe Kani\u015f-Karum H\u00f6y\u00fc\u011f\u00fc\u2019ne yakla\u015f\u0131k 2 kilometre uzakl\u0131kta olan kayadan oyma m\u00fczenin i\u00e7indeyiz. Burada \u015fu anda a\u00e7\u0131k alan\u0131m\u0131z yakla\u015f\u0131k 3 bin 500 metrekare. Bunun yan\u0131nda 2 bin 800 metrekaresi kaya oyma bir mekan\u0131n i\u00e7indeyiz. Yakla\u015f\u0131k 15 bin metrek\u00fcp bir alan ediyor. 3 bin 500 metrekarenin 2 bin 800 metrekaresi, sergi alan\u0131 olarak kullan\u0131lacak. Geriye kalan alanlarda sosyal alanlar, kar\u015f\u0131lama alanlar\u0131, bizim ofislerimiz ve hizmet alanlar\u0131 olarak kullan\u0131lacak\u201d diye konu\u015ftu.<\/p>\n<p><img decoding=\"async\" src=\"https:\/\/i01.sozcucdn.com\/wp-content\/uploads\/2023\/06\/13\/resim6_23192075.jpg\" alt=\"\" title=\"\"><\/p>\n<p><strong>\u2018YAKLA\u015eIK 25 B\u0130N BULUNTU ORTAYA \u00c7IKTI\u2019<\/strong><\/p>\n<p>M\u00fczenin kullan\u0131m amac\u0131na de\u011finen Senem, \u201cK\u00fcltepe Kani\u015f-Karum H\u00f6y\u00fc\u011f\u00fc\u2019nde 1948 y\u0131l\u0131ndan beri kaz\u0131 devam ediyor. Yakla\u015f\u0131k 25 bin adet buluntu ortaya \u00e7\u0131kart\u0131ld\u0131. Bu buluntular T\u00fcrkiye\u2019nin farkl\u0131 depolar\u0131nda ya da m\u00fczelerinde sergileniyor. Biz buradaki \u00e7\u0131kan eserleri, \u0130l K\u00fclt\u00fcr ve Turizm M\u00fcd\u00fcrl\u00fc\u011f\u00fc\u2019m\u00fcz vas\u0131tas\u0131yla Kayseri\u2019ye kazand\u0131rmak, buray\u0131 sadece K\u00fcltepe\u2019den \u00e7\u0131kan eserlerin sergilendi\u011fi bir m\u00fcze olarak kullanmak istiyoruz. Eserlerin korunmas\u0131, \u00f6ncelikle kaz\u0131 alanlar\u0131nda ve devlete ait m\u00fczelerde ger\u00e7ekle\u015ftiriliyor. Buraya gelen eserlerin tamam\u0131n\u0131n zaten gerekli muhafazalar\u0131 yap\u0131lm\u0131\u015f durumda olacak. \u0130l K\u00fclt\u00fcr ve Turizm M\u00fcd\u00fcrl\u00fc\u011f\u00fc\u2019m\u00fcze ba\u011fl\u0131 uzmanlar, yeri geldi\u011fi zaman e\u011fer eserlerde herhangi bir a\u015f\u0131nma g\u00f6r\u00fcl\u00fcrse zaten m\u00fcdahale ederek, gerekli \u00e7al\u0131\u015fmalar\u0131 yaparlar\u201d ifadelerini kulland\u0131.<\/p>\n<p><img decoding=\"async\" src=\"https:\/\/i01.sozcucdn.com\/wp-content\/uploads\/2023\/06\/13\/resim12_23192069.jpg\" alt=\"\" title=\"\"><\/p>\n<p><strong>\u2018M\u00dcZEN\u0130N \u0130N\u015eASININ YAKLA\u015eIK Y\u00dcZDE 95\u2019\u0130 B\u0130TT\u0130\u2019<\/strong><\/p>\n<p>M\u00fczenin, kentin turizmine katk\u0131 sa\u011flayaca\u011f\u0131n\u0131 belirten Senem, \u201cBuras\u0131 iki etapl\u0131 bir \u00e7al\u0131\u015fma. \u0130lk etab\u0131 kaba in\u015faat\u0131. Biz kaba in\u015faat\u0131n\u0131n son a\u015famalar\u0131nday\u0131z. M\u00fczenin in\u015fas\u0131n\u0131n yakla\u015f\u0131k y\u00fczde 95\u2019i bitti. Bir ay i\u00e7inde kaba in\u015faat\u0131 bitiririz, diye d\u00fc\u015f\u00fcn\u00fcyoruz. Bunun d\u0131\u015f\u0131nda ince in\u015faat\u0131 ve te\u015fhir, tanzim i\u015fleri var. Onu da 1 y\u0131l i\u00e7inde tamamlamay\u0131 d\u00fc\u015f\u00fcn\u00fcyoruz. Kayseri sadece K\u00fcltepe\u2019den ibaret de\u011fil. Bir\u00e7ok tarihi yap\u0131s\u0131 var. Bir\u00e7ok k\u00fclt\u00fcr eserleri var. Kayseri\u2019de turizme y\u00f6nelik k\u00fclt\u00fcr rotalar\u0131 belirleniyor. Buras\u0131 da o rotalara hizmet edecek duraklardan biri. M\u00fczeyi yapt\u0131\u011f\u0131m\u0131z yer asl\u0131nda \u00e7ok \u00f6nemli bir lokasyon. Buras\u0131, Kayseri-Sivas yolu \u00fczerinde yer al\u0131yor. Ayr\u0131ca Koramaz Vadisi\u2019nin de hemen bitiminde yer alan Ba\u011fp\u0131nar Mahallesi\u2019nin de tam ucunday\u0131z. Ula\u015f\u0131m\u0131 \u00e7ok rahat ve otopark problemimiz yok.\u201d <strong>(DHA)<\/strong><\/p>\n","protected":false},"excerpt":{"rendered":"<p>Kayseri&#8217;de, 6 bin y\u0131ll\u0131k ge\u00e7mi\u015fe sahip K\u00fcltepe Kani\u015f-Karum H\u00f6y\u00fc\u011f\u00fc&#8217;nden \u00e7\u0131kar\u0131lan yakla\u015f\u0131k 25 bin tarihi eser, yap\u0131m\u0131 devam eden oyma m\u00fczede sergilenecek.<\/p>\n","protected":false},"author":1,"featured_media":97903,"comment_status":"closed","ping_status":"open","sticky":false,"template":"","format":"standard","meta":{"footnotes":""},"categories":[27],"tags":[541,8249,1599,12393,4941],"class_list":["post-97902","post","type-post","status-publish","format-standard","has-post-thumbnail","hentry","category-kultur-sanat","tag-alan","tag-eserler","tag-kayseri","tag-kultepe","tag-yaklasik"],"_links":{"self":[{"href":"https:\/\/haberulus.net\/index.php?rest_route=\/wp\/v2\/posts\/97902","targetHints":{"allow":["GET"]}}],"collection":[{"href":"https:\/\/haberulus.net\/index.php?rest_route=\/wp\/v2\/posts"}],"about":[{"href":"https:\/\/haberulus.net\/index.php?rest_route=\/wp\/v2\/types\/post"}],"author":[{"embeddable":true,"href":"https:\/\/haberulus.net\/index.php?rest_route=\/wp\/v2\/users\/1"}],"replies":[{"embeddable":true,"href":"https:\/\/haberulus.net\/index.php?rest_route=%2Fwp%2Fv2%2Fcomments&post=97902"}],"version-history":[{"count":1,"href":"https:\/\/haberulus.net\/index.php?rest_route=\/wp\/v2\/posts\/97902\/revisions"}],"predecessor-version":[{"id":97904,"href":"https:\/\/haberulus.net\/index.php?rest_route=\/wp\/v2\/posts\/97902\/revisions\/97904"}],"wp:featuredmedia":[{"embeddable":true,"href":"https:\/\/haberulus.net\/index.php?rest_route=\/wp\/v2\/media\/97903"}],"wp:attachment":[{"href":"https:\/\/haberulus.net\/index.php?rest_route=%2Fwp%2Fv2%2Fmedia&parent=97902"}],"wp:term":[{"taxonomy":"category","embeddable":true,"href":"https:\/\/haberulus.net\/index.php?rest_route=%2Fwp%2Fv2%2Fcategories&post=97902"},{"taxonomy":"post_tag","embeddable":true,"href":"https:\/\/haberulus.net\/index.php?rest_route=%2Fwp%2Fv2%2Ftags&post=97902"}],"curies":[{"name":"wp","href":"https:\/\/api.w.org\/{rel}","templated":true}]}}