{"id":97926,"date":"2023-06-13T13:21:04","date_gmt":"2023-06-13T13:21:04","guid":{"rendered":"https:\/\/haberulus.net\/?p=97926"},"modified":"2023-06-13T13:21:04","modified_gmt":"2023-06-13T13:21:04","slug":"turkiye-yabanci-turiste-cennet-yerli-turiste-eziyet","status":"publish","type":"post","link":"https:\/\/haberulus.net\/?p=97926","title":{"rendered":"T\u00fcrkiye yabanc\u0131 turiste cennet yerli turiste eziyet"},"content":{"rendered":"<p>Y\u00fcksek enflasyon ve d\u00f6viz kurundaki art\u0131\u015f, tatil cenneti T\u00fcrkiye&#8217;de vatanda\u015flar\u0131 art\u0131k tatil yapamayacak seviyeye getirdi.<\/p>\n<p>\u00d6zellikle otelleri dolduran yabanc\u0131 turistler cennet koylarda tatilinin tad\u0131n\u0131 \u00e7\u0131kar\u0131rken, ge\u00e7en y\u0131la oranla katlanan fiyatlar nedeniyle T\u00fcrk vatanda\u015flar\u0131n\u0131n tatil yapma planlar\u0131 hayal oldu.<\/p>\n<p>Tatil yapma f\u0131rsat\u0131 bulan vatanda\u015flar ise akraba ve arkada\u015flar\u0131n\u0131n yazl\u0131klar\u0131na misafir olarak tatillerini ucuza getirmeye \u00e7al\u0131\u015f\u0131yor.<\/p>\n<p>Tatile gitmenin art\u0131k hayal oldu\u011funu s\u00f6yleyen Ersin Karakaya \u201cBen hayat pahal\u0131l\u0131\u011f\u0131 nedeniyle eve ekme\u011fi nas\u0131l g\u00f6t\u00fcrece\u011fimi d\u00fc\u015f\u00fcn\u00fcyorum. Ald\u0131\u011f\u0131m\u0131z maa\u015flarla b\u0131rak\u0131n tatili, ge\u00e7inmek bile \u00e7ok zor\u201d diyerek i\u00e7inde bulundu\u011fu durumu \u00f6zetledi.<\/p>\n<p><b>\u2018\u00d6Z YURDUNDA GAR\u0130PS\u0130N, \u00d6Z VATANINDA PARYA\u2019<\/b><\/p>\n<p>Bodrum&#8217;da ge\u00e7en y\u0131l 3 y\u0131ld\u0131zl\u0131 bir otelde her \u015fey dahil 3 ki\u015filik bir ailenin bir haftal\u0131k tatili ge\u00e7en y\u0131l 25 bin-31 bin aras\u0131 de\u011fi\u015firken, bu y\u0131l d\u00f6viz kurundaki art\u0131\u015f ve gelen zamlarla birlikte minimum 52 bin TL&#8217;den ba\u015fl\u0131yor.<\/p>\n<p>Hal b\u00f6yle olunca da tatil yapmak isteyen vatanda\u015flar tatilini ucuza getirmek i\u00e7in akrabalar\u0131n\u0131n ve arkada\u015flar\u0131n\u0131n yazl\u0131klar\u0131na misafir olarak tatilini ucuza getirmeye \u00e7al\u0131\u015f\u0131yor.<\/p>\n<p>Yabanc\u0131 turistler i\u00e7in ise durum \u00e7ok farkl\u0131.<\/p>\n<p>D\u00f6viz kurundaki s\u0131\u00e7rama nedeniyle asgari \u00fccretli yabanc\u0131 turist ise tatil cenneti T\u00fcrkiye&#8217;de doyas\u0131ya tatilin tad\u0131n\u0131 \u00e7\u0131kart\u0131yor.<\/p>\n<p>Ekonomist Tun\u00e7 \u015eat\u0131ro\u011flu ise bu durumu, \u201c\u00d6z yurdunda garipsin, \u00f6z vatan\u0131nda parya\u201d s\u00f6zleriyle de\u011ferlendirdi.<\/p>\n<p><img decoding=\"async\" src=\"https:\/\/i01.sozcucdn.com\/wp-content\/uploads\/2023\/06\/13\/c7ac6048-da87-4dd4-afb4-c814a0621404.jpg\" alt=\"\" title=\"\"><\/p>\n<p><b>\u2018TAT\u0130L\u0130M\u0130 UCUZA GET\u0130RMEK \u0130\u00c7\u0130N ARKADA\u015eIMIN YAZLI\u011eINDA KALIYORUM\u2019<\/b><\/p>\n<p>\u0130stanbul\u2019dan tatil i\u00e7in Bodrum\u2019a geldiu\u011fini s\u00f6yleyen Leyla G\u00f6n\u00fcl,\u201cBen bir arkada\u015f\u0131m\u0131n yazl\u0131k evinde kal\u0131yorum bu \u015fekilde tatilimi ucuza getirmeye \u00e7al\u0131\u015f\u0131yorum. Yoksa bu hayat \u015fartlar\u0131nda tatil yapamaz insanlar\u201d dedi.<\/p>\n<p>\u201cHayat zengin insanlar i\u00e7in, geri kalan kesim hi\u00e7bir \u015feye ula\u015fam\u0131yor. Dar gelirli vatanda\u015flar art\u0131k Bodrum&#8217;da tatil yapam\u0131yor\u201d diyen G\u00f6n\u00fcl, \u015f\u00f6yle devam etti:<\/p>\n<p>\u201c\u00d6zellikle \u00e7ocuklu aileler hi\u00e7 tatil yapamaz. Kendi \u00fclkemizde \u00fc\u00e7\u00fcnc\u00fc, be\u015finci s\u0131n\u0131f vatanda\u015f\u0131z. Zengin ile fakir aras\u0131ndaki u\u00e7urum iyice a\u00e7\u0131ld\u0131. Ben tek ya\u015fad\u0131\u011f\u0131m halde maddi y\u00f6nden sorunlar ya\u015f\u0131yorum. U\u00e7ak fiyatlar\u0131na bak\u0131yorum u\u00e7mu\u015f fiyatlar. Gidi\u015f-geli\u015f en k\u00f6t\u00fc 3 bin lira. Ne yiyeceksin? Hep bak\u0131yorsun her \u015feye. Meyvelere bile bak\u0131yoruz art\u0131k. Yabanc\u0131 turistler diledi\u011fince al\u0131\u015fveri\u015f yap\u0131yor, diledi\u011fi \u015feyleri yiyebiliyorlar ama ben yiyemiyorum. Emeklilere resmen \u00f6l\u00fcn diyorlar, ya\u015fama hakk\u0131m\u0131z\u0131 elimizden ald\u0131lar.\u201d<\/p>\n<p><b>\u2018BODRUM\u2019DA YERL\u0130 TUR\u0130ST YOK\u2019<\/b><\/p>\n<p>Adapazar\u0131&#8217;ndan tatil i\u00e7in Bodrum&#8217;a geldi\u011fini s\u00f6yleyen Ercan Arslan, \u201c\u0130nsanlar eskiden daha rahat tatil yapabiliyorlard\u0131 ama \u015fu anda ben 3 y\u0131l sonra tekrar Bodrum&#8217;a geldim. Bodrum&#8217;da yerli turist yok. Her \u015fey maddiyata bak\u0131yor. Tatil yapmak imk\u00e2ns\u0131z hale geldi. Bundan 4 y\u0131l \u00f6nce dolar 1,5 lirayd\u0131, \u015fimdi 23 lira. Bu \u00fclkemiz i\u00e7in g\u00fczel bir durum de\u011fil.\u201d diye konu\u015ftu.<\/p>\n<p><img decoding=\"async\" src=\"https:\/\/i01.sozcucdn.com\/wp-content\/uploads\/2023\/06\/13\/520864db-a14a-489b-90c0-f08e417e98ff.jpg\" alt=\"\" title=\"\"><\/p>\n<p><b>\u2018CENNET VATANIMDA YABANCILAR G\u00d6N\u00dcLLER\u0130NCE TAT\u0130L YAPSIN\u2019<\/b><\/p>\n<p>Eski\u015fehir\u2019de ya\u015fayan emekli Nursel \u015eurabat\u0131r, \u201cG\u00f6nl\u00fcm\u00fczce tatil yapmay\u0131 b\u0131rak\u0131n tatili d\u00fc\u015f\u00fcnmek bile hayal oldu. Ya\u015fan\u0131lan ekonomik kriz hepimizi derinden etkiledi. \u00c7ar\u015f\u0131, pazar al\u0131\u015fveri\u015fi, market, faturalar derken ay\u0131n sonunu zor getiriyorum. Haberlerden seyretti\u011fime g\u00f6re ge\u00e7en y\u0131l iki ki\u015filik bir haftal\u0131k tatil 15 bin lirayken bu y\u0131l fiyat 35 bin lira. M\u00fcmk\u00fcn m\u00fc tatile \u00e7\u0131kmak\u201d dedi.<\/p>\n<p>\u201cAma cennet vatan\u0131m\u0131zda yabanc\u0131lar g\u00f6n\u00fcllerinse tatil yapabiliyorlar\u201d diyen \u015eurabat\u0131r, \u015f\u00f6yle dedi:<\/p>\n<p>\u201cBen \u015fansl\u0131y\u0131m, benim \u00e7ocuklar\u0131m deniz kenar\u0131nda. Birer hafta ziyaret bahanesi ile tatilimi yap\u0131yorum. Ama buna ula\u015famayan bir\u00e7ok arkada\u015f\u0131m, vatanda\u015f var. Cennet vatan\u0131m\u0131zda biz kullanam\u0131yoruz ama yabanc\u0131lar \u00e7ok g\u00fczel tatillerini yap\u0131yorlar.\u201d<\/p>\n<p><img decoding=\"async\" src=\"https:\/\/i01.sozcucdn.com\/wp-content\/uploads\/2023\/06\/13\/6f5e0a46-5b7f-45a5-bfe3-07fb77ef74b5.jpeg\" alt=\"\" title=\"\"><\/p>\n<p><b>\u2018TAT\u0130L B\u0130Z\u0130M B\u00dcT\u00c7EM\u0130Z\u0130 A\u015eIYOR\u2019<\/b><\/p>\n<p>\u0130n\u015faat i\u015f\u00e7isi 45 ya\u015f\u0131ndaki \u00d6mer Alkan ise \u201cTatile gidebilecek param olsa gitmek isterdim, Avrupa&#8217;dan gelen insanlar\u0131n yapt\u0131\u011f\u0131 gibi. Ama biz ekonomik krizden dolay\u0131 tatile filan gidemiyoruz. T\u00fcrkiye&#8217;de ya\u015fam zor. \u00c7al\u0131\u015f, \u00e7al\u0131\u015f kazand\u0131\u011f\u0131nla ancak ev kiras\u0131 ve evin temel ihtiya\u00e7lar\u0131n\u0131 kar\u015f\u0131layabiliyorsun. Evi zor \u00e7ekip, \u00e7eviriyorum. Ay sonunu zor getiriyorum. Tatil bizim b\u00fct\u00e7emizi a\u015f\u0131yor. Bu y\u0131l tatile gidemeyece\u011fiz. \u00c7\u00fcnk\u00fc \u00e7al\u0131\u015fmam ve bor\u00e7lar\u0131m\u0131 \u00f6demem gerekiyor. Ekonomik g\u00fcc\u00fcm\u00fcz bizim tatile gitmemize engel\u201d dedi.<\/p>\n<p><img decoding=\"async\" src=\"https:\/\/i01.sozcucdn.com\/wp-content\/uploads\/2023\/06\/13\/cb5d5322-255e-44be-b442-95bd6da8ac09.jpeg\" alt=\"\" title=\"\"><\/p>\n<p><b>\u2018EVE EKME\u011e\u0130 NASIL G\u00d6T\u00dcRECE\u011e\u0130M\u0130 D\u00dc\u015e\u00dcN\u00dcYORUM\u2019<\/b><\/p>\n<p>Ge\u00e7inmekte zorland\u0131\u011f\u0131 i\u00e7in tatili d\u00fc\u015f\u00fcnmedi\u011fini s\u00f6yleyen 57 ya\u015f\u0131ndaki i\u015f\u00e7i Ersin Karakaya, \u201cBizim i\u00e7in tatil tarih oldu diyebilirim. Ben hayat pahal\u0131l\u0131\u011f\u0131 nedeniyle eve ekme\u011fi nas\u0131l g\u00f6t\u00fcrece\u011fimi d\u00fc\u015f\u00fcn\u00fcyorum. Bir markete giriyoruz kahvalt\u0131l\u0131klar bile 500 liradan fazla tutuyor\u201d dedi.<\/p>\n<p>\u201cPazara gidiyoruz, filemiz dolmadan yine 400-500 lira \u00f6d\u00fcyoruz\u201d diyen Karakaya, \u015f\u00f6yle devam etti:<\/p>\n<p>\u201cEv kiras\u0131 desen 3 bin lira. Ay sonunu zor getiriyorum. Ge\u00e7ti\u011fimiz y\u0131llarda tatil yerine memlekete gidiyorduk. Ancak otob\u00fcs fiyatlar\u0131 nedeniyle art\u0131k memlekete bile gidemiyorum. Bir memlekete gidip gelmemiz bin liran\u0131n \u00fczerinde masrafa neden oluyor. Ald\u0131\u011f\u0131m\u0131z maa\u015flarla b\u0131rak\u0131n tatili, ge\u00e7inmek bile \u00e7ok zor. Yeri geliyor masraf olmamas\u0131 i\u00e7in \u00f6\u011flen yemek bile yemiyorum, simit ile \u00f6\u011f\u00fcn\u00fc ge\u00e7i\u015ftiriyorum.\u201d<\/p>\n","protected":false},"excerpt":{"rendered":"<p>Bodrum\u2019da ge\u00e7en y\u0131l 3 y\u0131ld\u0131zl\u0131 bir otelde her \u015fey dahil 3 ki\u015filik bir ailenin bir haftal\u0131k tatili ge\u00e7en y\u0131l 25 bin-31 bin aras\u0131 de\u011fi\u015firken, bu y\u0131l d\u00f6viz kurundaki art\u0131\u015f ve gelen zamlarla birlikte minimum 52 bin TL\u2019den ba\u015fl\u0131yor.<\/p>\n","protected":false},"author":1,"featured_media":97927,"comment_status":"closed","ping_status":"open","sticky":false,"template":"","format":"standard","meta":{"footnotes":""},"categories":[25],"tags":[2414,78,210,1029,2554],"class_list":["post-97926","post","type-post","status-publish","format-standard","has-post-thumbnail","hentry","category-ekonomi","tag-cennet","tag-lira","tag-tatil","tag-yabanci","tag-zor"],"_links":{"self":[{"href":"https:\/\/haberulus.net\/index.php?rest_route=\/wp\/v2\/posts\/97926","targetHints":{"allow":["GET"]}}],"collection":[{"href":"https:\/\/haberulus.net\/index.php?rest_route=\/wp\/v2\/posts"}],"about":[{"href":"https:\/\/haberulus.net\/index.php?rest_route=\/wp\/v2\/types\/post"}],"author":[{"embeddable":true,"href":"https:\/\/haberulus.net\/index.php?rest_route=\/wp\/v2\/users\/1"}],"replies":[{"embeddable":true,"href":"https:\/\/haberulus.net\/index.php?rest_route=%2Fwp%2Fv2%2Fcomments&post=97926"}],"version-history":[{"count":1,"href":"https:\/\/haberulus.net\/index.php?rest_route=\/wp\/v2\/posts\/97926\/revisions"}],"predecessor-version":[{"id":97928,"href":"https:\/\/haberulus.net\/index.php?rest_route=\/wp\/v2\/posts\/97926\/revisions\/97928"}],"wp:featuredmedia":[{"embeddable":true,"href":"https:\/\/haberulus.net\/index.php?rest_route=\/wp\/v2\/media\/97927"}],"wp:attachment":[{"href":"https:\/\/haberulus.net\/index.php?rest_route=%2Fwp%2Fv2%2Fmedia&parent=97926"}],"wp:term":[{"taxonomy":"category","embeddable":true,"href":"https:\/\/haberulus.net\/index.php?rest_route=%2Fwp%2Fv2%2Fcategories&post=97926"},{"taxonomy":"post_tag","embeddable":true,"href":"https:\/\/haberulus.net\/index.php?rest_route=%2Fwp%2Fv2%2Ftags&post=97926"}],"curies":[{"name":"wp","href":"https:\/\/api.w.org\/{rel}","templated":true}]}}