{"id":97929,"date":"2023-06-13T13:35:05","date_gmt":"2023-06-13T13:35:05","guid":{"rendered":"https:\/\/haberulus.net\/?p=97929"},"modified":"2023-06-13T13:35:05","modified_gmt":"2023-06-13T13:35:05","slug":"eski-baskent-edirne-turizme-kazandirilacak","status":"publish","type":"post","link":"https:\/\/haberulus.net\/?p=97929","title":{"rendered":"Eski ba\u015fkent Edirne turizme kazand\u0131r\u0131lacak"},"content":{"rendered":"<p>K\u00fclt\u00fcr ve Turizm Bakanl\u0131\u011f\u0131 verilerine g\u00f6re ziyaret\u00e7i say\u0131s\u0131 bak\u0131m\u0131ndan \u0130stanbul ve Antalya\u2019dan sonra \u00fc\u00e7\u00fcnc\u00fc s\u0131rada yer alan kente daha fazla turist \u00e7ekmek i\u00e7in \u00e7al\u0131\u015fmalar yap\u0131l\u0131yor.<\/p>\n<p>Bu y\u0131l\u0131n ilk \u00e7eyre\u011finde 1 milyon 115 bin 629\u2019u kara yolu, 4 bin 745\u2019i demir yolu, 23\u2019\u00fc deniz yolu olmak \u00fczere Edirne s\u0131n\u0131r kap\u0131lar\u0131ndan kente 1 milyon 120 bin 397 ki\u015fi geldi.<\/p>\n<p>Ayn\u0131 d\u00f6nemde \u0130stanbul\u2019u 4 milyon 770 bin 533, Antalya\u2019y\u0131 ise 1 milyon 631 bin 523 turist ziyaret etti.<\/p>\n<p>Edirne K\u00fclt\u00fcr ve Turizm M\u00fcd\u00fcr\u00fc Kemal Soyt\u00fcrk, K\u00fclt\u00fcr ve Turizm Bakanl\u0131\u011f\u0131\u2019n\u0131n turizm hedefleri do\u011frultusunda \u00e7al\u0131\u015fmalara h\u0131z kesmeden devam ettiklerini s\u00f6yledi.<\/p>\n<p><img decoding=\"async\" src=\"https:\/\/i01.sozcucdn.com\/wp-content\/uploads\/2023\/06\/13\/resim4_23192245.jpg\" alt=\"\" title=\"\"><\/p>\n<p>Kovid-19 salg\u0131n\u0131n\u0131n ard\u0131ndan T\u00fcrkiye\u2019de turist say\u0131s\u0131 ve gelirlerinin art\u0131\u011f\u0131n\u0131 belirten Soyt\u00fcrk, \u201cK\u00fclt\u00fcr ve Turizm Bakanl\u0131\u011f\u0131 2022 y\u0131l\u0131nda turist say\u0131s\u0131 ve turizmden elde edilen gelir say\u0131s\u0131n\u0131 3 kez revize etti ve ge\u00e7en y\u0131l\u0131n sonunda 46,3 milyar dolar gelir, 51,4 milyon turist hedefine ula\u015f\u0131ld\u0131\u201d dedi.<\/p>\n<p>Soyt\u00fcrk, Bakanl\u0131\u011f\u0131n 2023 y\u0131l\u0131 hedefinin 60 milyon turist ve 56 milyar dolar da turizm geliri oldu\u011funu hat\u0131rlatt\u0131.<\/p>\n<p><img decoding=\"async\" src=\"https:\/\/i01.sozcucdn.com\/wp-content\/uploads\/2023\/06\/13\/resim8_23192239.jpg\" alt=\"\" title=\"\"><\/p>\n<p><strong>\u201cTurizm \u00e7e\u015fitlili\u011fini art\u0131rma ve turizmi 12 aya yayma plan\u0131 var\u201d<\/strong><\/p>\n<p>Bakanl\u0131\u011f\u0131n turizm hedefine ula\u015fmak i\u00e7in Edirne\u2019de de Valilik \u00f6nc\u00fcl\u00fc\u011f\u00fcnde \u00e7al\u0131\u015fmalar\u0131n yo\u011fun \u015feklide devam etti\u011fine i\u015faret eden Soyt\u00fcrk, \u015funlar\u0131 kaydetti:<\/p>\n<p>\u201c2030 y\u0131l\u0131na kadar s\u00fcrd\u00fcr\u00fclecek Edirne Turizm Master Plan\u0131\u2019yla hedeflerimizi k\u0131sa, orta ve uzun vadeli olarak stratejik planlar\u0131m\u0131z\u0131 t\u00fcm payda\u015flar\u0131m\u0131zla ortaya koyduk. Bu planlar \u00e7er\u00e7evesinde yol haritam\u0131z\u0131 belirledik. Bu yol haritas\u0131nda m\u00fcze, \u00fcr\u00fcn ve turizm \u00e7e\u015fitlili\u011fini art\u0131rma ve turizmi 12 aya yayma plan\u0131 var. Edirne\u2019nin sadece k\u00fclt\u00fcr turizminde de\u011fil do\u011fas\u0131, gastronomi ve inan\u00e7 turizmi ile bunu t\u00fcm y\u0131la yayma hedefiyle yo\u011fun bir \u015fekilde \u00e7al\u0131\u015fmalar\u0131m\u0131za devam ediyoruz.\u201d<\/p>\n<p><img decoding=\"async\" src=\"https:\/\/i01.sozcucdn.com\/wp-content\/uploads\/2023\/06\/13\/resim7_23192241.jpg\" alt=\"\" title=\"\"><\/p>\n<p>Tarih, do\u011fa, k\u00fclt\u00fcr ve gastronomi \u015fehri Edirne\u2019nin sahip oldu\u011fu de\u011ferleri daha fazla yerli ve yabanc\u0131 ziyaret\u00e7iye ula\u015ft\u0131rmak i\u00e7in \u00f6nemli ad\u0131mlar att\u0131klar\u0131n\u0131 belirten Soyt\u00fcrk, \u201cTurist say\u0131s\u0131 bak\u0131m\u0131ndan son \u00fc\u00e7 y\u0131ll\u0131k s\u0131n\u0131r istatistiklerine bakt\u0131\u011f\u0131m\u0131zda \u0130stanbul ve Antalya\u2019dan sonra Edirne \u00fc\u00e7\u00fcnc\u00fc s\u0131rada yer al\u0131yor\u201d dedi.<\/p>\n<p>Edirne\u2019nin y\u0131ll\u0131k ortalama 4 milyon 600 bin ziyaret\u00e7i a\u011f\u0131rlad\u0131\u011f\u0131n\u0131 belirten Soyt\u00fcrk, hedeflerinin 10 milyon ziyaret\u00e7i s\u00f6yledi.<\/p>\n<p><img decoding=\"async\" src=\"https:\/\/i01.sozcucdn.com\/wp-content\/uploads\/2023\/06\/13\/resim5_23192242.jpg\" alt=\"\" title=\"\"><\/p>\n<p>Osmanl\u0131\u2019ya bir asra yak\u0131n payitahtl\u0131k yapan \u015fehrin k\u00fclt\u00fcr ve inan\u00e7 turizmi anlam\u0131nda T\u00fcrkiye\u2019nin en \u00f6nemli noktalar\u0131ndan biri oldu\u011funu belirten Soyt\u00fcrk, gastronomi ve do\u011fa turizmiyle de \u00f6n plana \u00e7\u0131kt\u0131\u011f\u0131n\u0131 dile getirdi.<\/p>\n<p>Edirne Valisi K\u00fcr\u015fat K\u0131rb\u0131y\u0131k\u2019\u0131n \u00f6nc\u00fcl\u00fc\u011f\u00fcnde do\u011fa turizmi kapsam\u0131nda Saros K\u00f6rfezi\u2019nde yo\u011fun bir \u00e7al\u0131\u015fma yapt\u0131klar\u0131n\u0131 ifade eden Soyt\u00fcrk, \u201cSaros\u2019taki deniz, kum, g\u00fcne\u015f turizmine ilaveten do\u011fa turizmini, kamp karavan turizmi ile \u00e7e\u015fitlendirerek yerli ve yabanc\u0131 turisti 12 ay boyunca Edirne\u2019ye getirmek i\u00e7in \u00e7al\u0131\u015f\u0131yoruz\u201d dedi. <strong>(AA)<\/strong><\/p>\n","protected":false},"excerpt":{"rendered":"<p>K\u00fclt\u00fcr ve inan\u00e7 turizminin \u00f6nde gelen merkezlerinden Edirne&#8217;de y\u0131ll\u0131k ortalama 4 milyon 600 bin olan ziyaret\u00e7i say\u0131s\u0131n\u0131n 2030&#8217;a kadar s\u00fcrd\u00fcr\u00fclecek turizm master plan\u0131 kapsam\u0131nda 10 milyona \u00e7\u0131kar\u0131lmas\u0131 hedefleniyor.<\/p>\n","protected":false},"author":1,"featured_media":97930,"comment_status":"closed","ping_status":"open","sticky":false,"template":"","format":"standard","meta":{"footnotes":""},"categories":[27],"tags":[1083,95,10971,1749,2091],"class_list":["post-97929","post","type-post","status-publish","format-standard","has-post-thumbnail","hentry","category-kultur-sanat","tag-edirne","tag-milyon","tag-soyturk","tag-turist","tag-turizm"],"_links":{"self":[{"href":"https:\/\/haberulus.net\/index.php?rest_route=\/wp\/v2\/posts\/97929","targetHints":{"allow":["GET"]}}],"collection":[{"href":"https:\/\/haberulus.net\/index.php?rest_route=\/wp\/v2\/posts"}],"about":[{"href":"https:\/\/haberulus.net\/index.php?rest_route=\/wp\/v2\/types\/post"}],"author":[{"embeddable":true,"href":"https:\/\/haberulus.net\/index.php?rest_route=\/wp\/v2\/users\/1"}],"replies":[{"embeddable":true,"href":"https:\/\/haberulus.net\/index.php?rest_route=%2Fwp%2Fv2%2Fcomments&post=97929"}],"version-history":[{"count":1,"href":"https:\/\/haberulus.net\/index.php?rest_route=\/wp\/v2\/posts\/97929\/revisions"}],"predecessor-version":[{"id":97931,"href":"https:\/\/haberulus.net\/index.php?rest_route=\/wp\/v2\/posts\/97929\/revisions\/97931"}],"wp:featuredmedia":[{"embeddable":true,"href":"https:\/\/haberulus.net\/index.php?rest_route=\/wp\/v2\/media\/97930"}],"wp:attachment":[{"href":"https:\/\/haberulus.net\/index.php?rest_route=%2Fwp%2Fv2%2Fmedia&parent=97929"}],"wp:term":[{"taxonomy":"category","embeddable":true,"href":"https:\/\/haberulus.net\/index.php?rest_route=%2Fwp%2Fv2%2Fcategories&post=97929"},{"taxonomy":"post_tag","embeddable":true,"href":"https:\/\/haberulus.net\/index.php?rest_route=%2Fwp%2Fv2%2Ftags&post=97929"}],"curies":[{"name":"wp","href":"https:\/\/api.w.org\/{rel}","templated":true}]}}