{"id":9794,"date":"2022-07-18T16:21:06","date_gmt":"2022-07-18T16:21:06","guid":{"rendered":"https:\/\/haberulus.net\/?p=9794"},"modified":"2022-07-18T16:21:06","modified_gmt":"2022-07-18T16:21:06","slug":"besiktas-emrecan-uzunhan-transferini-bitirdi","status":"publish","type":"post","link":"https:\/\/haberulus.net\/?p=9794","title":{"rendered":"Be\u015fikta\u015f, Emrecan Uzunhan transferini bitirdi"},"content":{"rendered":"<p><b>Be\u015fikta\u015f, S\u00fcper Lig&#8217;in yeni ekiplerinden \u0130stanbulspor&#8217;un gen\u00e7 savunmac\u0131s\u0131 Emrecan Uzunhan&#8217;\u0131 transfer etti.<\/b><\/p>\n<p>Be\u015fikta\u015f, \u0130stanbulspor\u2019un savunma oyuncusu Emrecan Uzunhan\u2019\u0131 kadrosuna katt\u0131.<\/p>\n<p>Yeni sezon \u00f6ncesi transfer \u00e7al\u0131\u015fmalar\u0131na devam eden Be\u015fikta\u015f, bu sezonki 6\u2019nc\u0131 transferini tamamlad\u0131. Siyah-beyazl\u0131lar, yakla\u015f\u0131k 2 haftad\u0131r u\u011fra\u015ft\u0131\u011f\u0131 Emrecan Uzunhan transferi i\u00e7in \u0130stanbulspor\u2019la anla\u015ft\u0131 ve gen\u00e7 oyuncuyu renklerine ba\u011flad\u0131.<\/p>\n<p>Sol stoper oynayan Emrecan sa\u011fl\u0131k kontrollerinden ge\u00e7tikten sonra Be\u015fikta\u015f\u2019a resmi imzay\u0131 atacak ve siyah beyazl\u0131lar\u0131n 20 Temmuz\u2019da ba\u015flayacak olan \u0130spanya kamp\u0131na kat\u0131lacak. Emrecan\u2019\u0131n Be\u015fikta\u015f\u2019a 5 y\u0131ll\u0131k imza atmas\u0131 bekleniyor. Siyah beyazl\u0131lar\u0131n, Emrecan Uzunhan transferi i\u00e7in 2 milyon euro civar\u0131nda bir bonservis bedeli \u00f6deyece\u011fi \u00f6\u011frenilirken, \u0130stanbulspor Asba\u015fkan\u0131 \u00d6mer Saral, Twitter\u2019da yapt\u0131\u011f\u0131 payla\u015f\u0131mla gen\u00e7 futbolcuya veda etti.<\/p>\n<blockquote class=\"twitter-tweet\" data-width=\"500\" data-dnt=\"true\">\n<p lang=\"tr\" dir=\"ltr\">Yolun a\u00e7\u0131k olsun evlat\u2026<a href=\"https:\/\/twitter.com\/EmrecanUzunhan?ref_src=twsrc%5Etfw\" target=\"_blank\" rel=\"noopener\">@EmrecanUzunhan<\/a> <a href=\"https:\/\/t.co\/3zS5S1wmTv\" target=\"_blank\">pic.twitter.com\/3zS5S1wmTv<\/a><\/p>\n<p>&mdash; \u00d6mer Saral (@omersarialioglu) <a href=\"https:\/\/twitter.com\/omersarialioglu\/status\/1549043291655933952?ref_src=twsrc%5Etfw\" target=\"_blank\" rel=\"noopener\">July 18, 2022<\/a><\/p><\/blockquote>\n<p><script async src=\"https:\/\/platform.twitter.com\/widgets.js\" charset=\"utf-8\"><\/script><\/p>\n<p><b>EM\u0130RHAN \u00c7ALI\u015eMAYA DEVAM!<\/b><\/p>\n<p>Be\u015fikta\u015f\u2019\u0131n, Avusturya kamp\u0131 \u00f6ncesinde tak\u0131ma dahil olmadan S\u0131rbistan\u2019da \u00f6zel antren\u00f6r e\u015fli\u011finde antrenman yapt\u0131ktan sonra kampa kat\u0131lan Emirhan \u0130lkhan, bu kez de tak\u0131ma verilen 3 g\u00fcnl\u00fck izinde idmanlar\u0131n\u0131 s\u00fcrd\u00fcrd\u00fc.<\/p>\n<p>Siyah-beyazl\u0131 ekibin gen\u00e7 ismi, \u0130spanya kamp\u0131 \u00f6ncesinde formunu koruyor. Kondisyon ve g\u00fc\u00e7 antrenmanlar\u0131yla \u00e7al\u0131\u015fmalar\u0131na ara vermeden devam eden Emirhan, sezona formda girmek i\u00e7in ekstra \u00e7al\u0131\u015fmalar ger\u00e7ekle\u015ftiriyor.<\/p>\n","protected":false},"excerpt":{"rendered":"<p>Be\u015fikta\u015f, S\u00fcper Lig&#8217;in yeni ekiplerinden \u0130stanbulspor&#8217;un gen\u00e7 savunmac\u0131s\u0131 Emrecan Uzunhan&#8217;\u0131 transfer etti. Be\u015fikta\u015f, \u0130stanbulspor\u2019un savunma &#8230;<\/p>\n","protected":false},"author":1,"featured_media":9796,"comment_status":"open","ping_status":"open","sticky":false,"template":"","format":"standard","meta":{"footnotes":""},"categories":[31],"tags":[2898,438],"class_list":["post-9794","post","type-post","status-publish","format-standard","has-post-thumbnail","hentry","category-spor","tag-emrecan","tag-transfer"],"_links":{"self":[{"href":"https:\/\/haberulus.net\/index.php?rest_route=\/wp\/v2\/posts\/9794","targetHints":{"allow":["GET"]}}],"collection":[{"href":"https:\/\/haberulus.net\/index.php?rest_route=\/wp\/v2\/posts"}],"about":[{"href":"https:\/\/haberulus.net\/index.php?rest_route=\/wp\/v2\/types\/post"}],"author":[{"embeddable":true,"href":"https:\/\/haberulus.net\/index.php?rest_route=\/wp\/v2\/users\/1"}],"replies":[{"embeddable":true,"href":"https:\/\/haberulus.net\/index.php?rest_route=%2Fwp%2Fv2%2Fcomments&post=9794"}],"version-history":[{"count":1,"href":"https:\/\/haberulus.net\/index.php?rest_route=\/wp\/v2\/posts\/9794\/revisions"}],"predecessor-version":[{"id":9797,"href":"https:\/\/haberulus.net\/index.php?rest_route=\/wp\/v2\/posts\/9794\/revisions\/9797"}],"wp:featuredmedia":[{"embeddable":true,"href":"https:\/\/haberulus.net\/index.php?rest_route=\/wp\/v2\/media\/9796"}],"wp:attachment":[{"href":"https:\/\/haberulus.net\/index.php?rest_route=%2Fwp%2Fv2%2Fmedia&parent=9794"}],"wp:term":[{"taxonomy":"category","embeddable":true,"href":"https:\/\/haberulus.net\/index.php?rest_route=%2Fwp%2Fv2%2Fcategories&post=9794"},{"taxonomy":"post_tag","embeddable":true,"href":"https:\/\/haberulus.net\/index.php?rest_route=%2Fwp%2Fv2%2Ftags&post=9794"}],"curies":[{"name":"wp","href":"https:\/\/api.w.org\/{rel}","templated":true}]}}