{"id":97976,"date":"2023-06-13T14:51:04","date_gmt":"2023-06-13T14:51:04","guid":{"rendered":"https:\/\/haberulus.net\/?p=97976"},"modified":"2023-06-13T14:51:04","modified_gmt":"2023-06-13T14:51:04","slug":"cemil-meric-vefatinin-36-yilinda-memleketi-hatayda-anildi","status":"publish","type":"post","link":"https:\/\/haberulus.net\/?p=97976","title":{"rendered":"Cemil Meri\u00e7 vefat\u0131n\u0131n 36. y\u0131l\u0131nda memleketi Hatay\u2019da an\u0131ld\u0131"},"content":{"rendered":"<p>Reyhanl\u0131 Belediye Ba\u015fkan\u0131 Mehmet Hac\u0131o\u011flu ve beraberindeki belediye \u00e7al\u0131\u015fanlar\u0131 il\u00e7ede k\u00fclt\u00fcr evine d\u00f6n\u00fc\u015ft\u00fcr\u00fclen Cemil Meri\u00e7\u2019in do\u011fdu\u011fu konutu ziyaret etti.<\/p>\n<p>Cemil Meri\u00e7 K\u00fclt\u00fcr Evi\u2019ndeki resim sergisini gezen Hac\u0131o\u011flu buradaki an\u0131 defterini imzalad\u0131.<\/p>\n<p>Ba\u015fkan Hac\u0131o\u011flu, Cemil Meri\u00e7\u2019in bilgi ve birikimiyle T\u00fcrkiye\u2019nin yeti\u015ftirdi\u011fi en b\u00fcy\u00fck fikir adamlar\u0131ndan oldu\u011funu belirtti.<\/p>\n<p>Meri\u00e7\u2019in hem\u015fehrisi olmaktan gurur duydu\u011funu ifade eden Hac\u0131o\u011flu, \u201cCemil Meri\u00e7, esasen fikirleriyle, d\u00fc\u015f\u00fcncesiyle de \u00f6ld\u00fckten sonra da insanlara \u0131\u015f\u0131k olmu\u015ftur. B\u00fcy\u00fck d\u00fc\u015f\u00fcn\u00fcr Cemil Meri\u00e7\u2019in hat\u0131ratlar\u0131n\u0131 ya\u015fatmaya devam edece\u011fiz\u201d dedi.<\/p>\n<p>Ba\u015fkan Hac\u0131o\u011flu, k\u0131z\u0131 Prof. Dr. \u00dcmit Meri\u00e7\u2019i de telefonla aray\u0131p Cemil Meri\u00e7\u2019i vefat\u0131n\u0131n 36. y\u0131l\u0131nda and\u0131klar\u0131n\u0131 kaydetti.<strong> (AA)<\/strong><\/p>\n","protected":false},"excerpt":{"rendered":"<p>T\u00fcrk fikir ve edebiyat hayat\u0131nda \u00f6nemli bir yere sahip olan b\u00fcy\u00fck d\u00fc\u015f\u00fcn\u00fcr, sosyolog, e\u011fitimci ve \u00e7evirmen Cemil Meri\u00e7, vefat\u0131n\u0131n 36. y\u0131l\u0131nda memleketi Hatay&#8217;\u0131n Reyhanl\u0131 il\u00e7esinde an\u0131ld\u0131.<\/p>\n","protected":false},"author":1,"featured_media":97977,"comment_status":"closed","ping_status":"open","sticky":false,"template":"","format":"standard","meta":{"footnotes":""},"categories":[27],"tags":[12396,12397],"class_list":["post-97976","post","type-post","status-publish","format-standard","has-post-thumbnail","hentry","category-kultur-sanat","tag-cemil-meric","tag-hacioglu"],"_links":{"self":[{"href":"https:\/\/haberulus.net\/index.php?rest_route=\/wp\/v2\/posts\/97976","targetHints":{"allow":["GET"]}}],"collection":[{"href":"https:\/\/haberulus.net\/index.php?rest_route=\/wp\/v2\/posts"}],"about":[{"href":"https:\/\/haberulus.net\/index.php?rest_route=\/wp\/v2\/types\/post"}],"author":[{"embeddable":true,"href":"https:\/\/haberulus.net\/index.php?rest_route=\/wp\/v2\/users\/1"}],"replies":[{"embeddable":true,"href":"https:\/\/haberulus.net\/index.php?rest_route=%2Fwp%2Fv2%2Fcomments&post=97976"}],"version-history":[{"count":1,"href":"https:\/\/haberulus.net\/index.php?rest_route=\/wp\/v2\/posts\/97976\/revisions"}],"predecessor-version":[{"id":97978,"href":"https:\/\/haberulus.net\/index.php?rest_route=\/wp\/v2\/posts\/97976\/revisions\/97978"}],"wp:featuredmedia":[{"embeddable":true,"href":"https:\/\/haberulus.net\/index.php?rest_route=\/wp\/v2\/media\/97977"}],"wp:attachment":[{"href":"https:\/\/haberulus.net\/index.php?rest_route=%2Fwp%2Fv2%2Fmedia&parent=97976"}],"wp:term":[{"taxonomy":"category","embeddable":true,"href":"https:\/\/haberulus.net\/index.php?rest_route=%2Fwp%2Fv2%2Fcategories&post=97976"},{"taxonomy":"post_tag","embeddable":true,"href":"https:\/\/haberulus.net\/index.php?rest_route=%2Fwp%2Fv2%2Ftags&post=97976"}],"curies":[{"name":"wp","href":"https:\/\/api.w.org\/{rel}","templated":true}]}}