{"id":98192,"date":"2023-06-14T07:21:06","date_gmt":"2023-06-14T07:21:06","guid":{"rendered":"https:\/\/haberulus.net\/?p=98192"},"modified":"2023-06-14T07:21:06","modified_gmt":"2023-06-14T07:21:06","slug":"eda-ecenin-depremzedelerle-ilgili-sozleri-gundem-oldu","status":"publish","type":"post","link":"https:\/\/haberulus.net\/?p=98192","title":{"rendered":"Eda Ece\u2019nin depremzedelerle ilgili s\u00f6zleri g\u00fcndem oldu"},"content":{"rendered":"<p>ELLE Style Avards 2023, \u00f6nceki ak\u015fam y\u0131l\u0131n en stil sahibi, ba\u015far\u0131l\u0131 ve ilham veren isimlerini \u00f6d\u00fcllendirdi.<\/p>\n<p>Daha \u00f6nce dergiye kapak olan \u2018Yasak Elma\u2019 dizisinin ba\u015frol oyuncusu Eda Ece de gecede \u2018Y\u0131l\u0131n ELLE Kapak K\u0131z\u0131\u2019 \u00f6d\u00fcl\u00fcn\u00fc ald\u0131.<\/p>\n<p><strong>\u201cDEPREM B\u00d6LGES\u0130NE YAPTI\u011eIMIZ YARDIMLARI BA\u015eKALARI YAPIYOR SANDI\u201d<\/strong><\/p>\n<p>Eda Ece, konu\u015fmas\u0131nda \u201cBir i\u015fbirli\u011fi yaparak ocak ay\u0131nda kapak k\u0131z\u0131 oldum. \u015eubat ay\u0131nda \u00e7\u0131kan dergimi almaya gidemedim onun yerine bebek bezi ve jandarmadan emanet testere al\u0131yordum. Yasak Elma ekibiyle t\u00fcm \u0131\u015f\u0131klar\u0131m\u0131z\u0131 oraya g\u00f6ndererek depremzede vatanda\u015flar\u0131m\u0131z i\u00e7in yakt\u0131k. \u00d6yle durumlarda kald\u0131m ki oyunculuk ve \u00fcn\u00fcn bir \u00f6nemi kalmad\u0131. Hayvan haklar\u0131 i\u00e7in de \u00e7al\u0131\u015f\u0131yoruz. Bunlar\u0131n hepsini arka planda yapt\u0131m. Beni herkes Yasak Elma dizisindeki ne\u015feli Y\u0131ld\u0131z olarak biliyor. Ama asl\u0131nda i\u00e7in kan a\u011fl\u0131yordu. Bu sene \u00e7ok de\u011fi\u015fik bir seneydi, haftaya da d\u00fc\u011f\u00fcn\u00fcm var. Deprem b\u00f6lgesine yapt\u0131\u011f\u0131m\u0131z her \u015feyi onlar ba\u015fkalar\u0131 yap\u0131yor sand\u0131, sand\u0131ktan onu anlad\u0131k. \u00c7ok travmatik bir seneydi. Pandemi atlatt\u0131k, dizim 6 sezonda bitmedi bir de \u00fczerine deprem oldu. Bir de se\u00e7im falan derken ben stresten kambur oldum\u201d ifadelerini kulland\u0131.<\/p>\n<p>Ece\u2019nin g\u00fclerek yapt\u0131\u011f\u0131 konu\u015fma salondakiler taraf\u0131ndan alk\u0131\u015flarla kar\u015f\u0131land\u0131.<\/p>\n<p>Oyuncunun depremzedelerle ilgili s\u00f6yledikleri k\u0131sa s\u00fcrede Twitter g\u00fcndemine oturdu. Ece\u2019ye destek payla\u015f\u0131mlar\u0131n\u0131n yan\u0131 s\u0131ra tepki de geldi.<\/p>\n<p><strong>A\u00c7IKLAMA YAPTI<\/strong><\/p>\n<p>Tepkiler sonras\u0131 Eda Ece Instagram hesab\u0131ndan yapt\u0131\u011f\u0131 a\u00e7\u0131klamada \u015funlar\u0131 s\u00f6yledi:<\/p>\n<p>\u201cBen kendim, \u00f6zg\u00fcr bir birey olarak, kendi \u00f6zg\u00fcrl\u00fc\u011f\u00fcm\u00fc savunup, ba\u015fkas\u0131n\u0131n \u00f6zg\u00fcrl\u00fc\u011f\u00fcn\u00fc savunmayacak zekada biri de\u011filim. \u0130steyen barda\u011fa oy verir, isteyen tuzlu\u011fa oy verir, isteyen Ahmet\u2019e verir, isteyen Mehmet\u2019e verir. Buna ben bir \u015fey diyemem. \u00d6zg\u00fcrl\u00fck sadece bana de\u011fil, \u00f6zg\u00fcrl\u00fck herkese\u2026 \u0130steyen istedi\u011fine oy verir, isteyen istedi\u011fi sand\u0131\u011fa gider. Ben orada ba\u015ftan sona mizahi bir dil ile ele ald\u0131m. Hani eskiden Levent K\u0131rca \u0130SK\u0130\u2019yi ar\u0131yordu ya kafas\u0131nda sabunla \u2018\u0130kide bir sular kesiliyor\u2019 diye. Ve biz buna g\u00fcl\u00fcyorduk. Fesat\u00e7a, bu kadar negatif\u00e7e bakmak lin\u00e7\u00e7i tayfan\u0131n i\u015fi. Ayr\u0131ca benin tek bir hassasiyetim var\u2026 \u015eimdi onlar da bana yaz\u0131yor. Asl\u0131nda \u00f6yle bir konu da yok da neyse\u2026 \u2018Seni biliyoruz\u2026\u2019 falan diye. Benim k\u00f6t\u00fc niyetle kimsenin ac\u0131s\u0131n\u0131 travmas\u0131n\u0131 tetikleyecek bir \u015fey falan s\u00f6ylemek falan gibi bir amac\u0131m asla yoktu yani. Daha fazla da uzatmayal\u0131m.\u201d<\/p>\n","protected":false},"excerpt":{"rendered":"<p>\u00d6nceki ak\u015fam kat\u0131ld\u0131\u011f\u0131 \u00f6d\u00fcl t\u00f6reninde konu\u015fma yapan oyuncu Eda Ece&#8217;nin depremzedelerle ilgili s\u00f6yledikleri sosyal medyada g\u00fcndem oldu.<\/p>\n","protected":false},"author":1,"featured_media":98193,"comment_status":"closed","ping_status":"open","sticky":false,"template":"","format":"standard","meta":{"footnotes":""},"categories":[29],"tags":[1958,2778,3616,4816],"class_list":["post-98192","post","type-post","status-publish","format-standard","has-post-thumbnail","hentry","category-magazin","tag-deprem","tag-ece","tag-isteyen","tag-ozgur"],"_links":{"self":[{"href":"https:\/\/haberulus.net\/index.php?rest_route=\/wp\/v2\/posts\/98192","targetHints":{"allow":["GET"]}}],"collection":[{"href":"https:\/\/haberulus.net\/index.php?rest_route=\/wp\/v2\/posts"}],"about":[{"href":"https:\/\/haberulus.net\/index.php?rest_route=\/wp\/v2\/types\/post"}],"author":[{"embeddable":true,"href":"https:\/\/haberulus.net\/index.php?rest_route=\/wp\/v2\/users\/1"}],"replies":[{"embeddable":true,"href":"https:\/\/haberulus.net\/index.php?rest_route=%2Fwp%2Fv2%2Fcomments&post=98192"}],"version-history":[{"count":1,"href":"https:\/\/haberulus.net\/index.php?rest_route=\/wp\/v2\/posts\/98192\/revisions"}],"predecessor-version":[{"id":98194,"href":"https:\/\/haberulus.net\/index.php?rest_route=\/wp\/v2\/posts\/98192\/revisions\/98194"}],"wp:featuredmedia":[{"embeddable":true,"href":"https:\/\/haberulus.net\/index.php?rest_route=\/wp\/v2\/media\/98193"}],"wp:attachment":[{"href":"https:\/\/haberulus.net\/index.php?rest_route=%2Fwp%2Fv2%2Fmedia&parent=98192"}],"wp:term":[{"taxonomy":"category","embeddable":true,"href":"https:\/\/haberulus.net\/index.php?rest_route=%2Fwp%2Fv2%2Fcategories&post=98192"},{"taxonomy":"post_tag","embeddable":true,"href":"https:\/\/haberulus.net\/index.php?rest_route=%2Fwp%2Fv2%2Ftags&post=98192"}],"curies":[{"name":"wp","href":"https:\/\/api.w.org\/{rel}","templated":true}]}}