{"id":98350,"date":"2023-06-14T10:05:37","date_gmt":"2023-06-14T10:05:37","guid":{"rendered":"https:\/\/haberulus.net\/?p=98350"},"modified":"2023-06-14T10:05:37","modified_gmt":"2023-06-14T10:05:37","slug":"ingilterede-sanayi-uretimi-nisanda-yuzde-03-daraldi","status":"publish","type":"post","link":"https:\/\/haberulus.net\/?p=98350","title":{"rendered":"\u0130ngiltere\u2019de sanayi \u00fcretimi nisanda y\u00fczde 0,3 darald\u0131"},"content":{"rendered":"<p>\u0130ngiltere\u2019de sanayi \u00fcretimi nisanda ayl\u0131k bazda y\u00fczde 0,3 daral\u0131rken, son \u00fc\u00e7 ayl\u0131k d\u00f6nemde y\u00fczde 0,2 b\u00fcy\u00fcd\u00fc.<\/p>\n<p>\u0130ngiltere Ulusal \u0130statistik Ofisi (ONS) verilerine g\u00f6re, imalat, madencilik ve ta\u015f ocak\u00e7\u0131l\u0131\u011f\u0131, su tedariki ve kanalizasyon sekt\u00f6rlerindeki daralma elektrik ve gaz sekt\u00f6rlerindeki b\u00fcy\u00fcmeyle dengelendi.<\/p>\n<p>B\u00f6ylece, nisanda \u00fclkede sanayi \u00fcretimi ayl\u0131k bazda y\u00fczde 0,3 darald\u0131. Piyasalarda beklenti sanayi \u00fcretiminin nisanda y\u00fczde 0,2 daralaca\u011f\u0131 y\u00f6n\u00fcndeydi. Martta, \u00fcretim y\u00fczde 0,7 art\u0131\u015f kaydetmi\u015fti.<\/p>\n<p>Nisanda imalat sanayi \u00fcretimi de y\u00fczde 0,3 geriledi.<\/p>\n<p>Son \u00fc\u00e7 ayl\u0131k d\u00f6nemde ise bir \u00f6nceki \u00fc\u00e7 ayl\u0131k d\u00f6neme g\u00f6re sanayi \u00fcretimi y\u00fczde 0,2 y\u00fckseldi. Bu d\u00f6nemdeki b\u00fcy\u00fcmenin itici g\u00fcc\u00fc imalat sanayi oldu. (AA)<\/p>\n","protected":false},"excerpt":{"rendered":"<p>\u0130ngiltere Ulusal \u0130statistik Ofisi (ONS) verilerine g\u00f6re, imalat, \u0130ngiltere&#8217;de sanayi \u00fcretimi nisanda ayl\u0131k bazda y\u00fczde 0,3 darald\u0131.<\/p>\n","protected":false},"author":1,"featured_media":98351,"comment_status":"closed","ping_status":"open","sticky":false,"template":"","format":"standard","meta":{"footnotes":""},"categories":[25],"tags":[269,5483],"class_list":["post-98350","post","type-post","status-publish","format-standard","has-post-thumbnail","hentry","category-ekonomi","tag-aylik","tag-sanayi-uretimi"],"_links":{"self":[{"href":"https:\/\/haberulus.net\/index.php?rest_route=\/wp\/v2\/posts\/98350","targetHints":{"allow":["GET"]}}],"collection":[{"href":"https:\/\/haberulus.net\/index.php?rest_route=\/wp\/v2\/posts"}],"about":[{"href":"https:\/\/haberulus.net\/index.php?rest_route=\/wp\/v2\/types\/post"}],"author":[{"embeddable":true,"href":"https:\/\/haberulus.net\/index.php?rest_route=\/wp\/v2\/users\/1"}],"replies":[{"embeddable":true,"href":"https:\/\/haberulus.net\/index.php?rest_route=%2Fwp%2Fv2%2Fcomments&post=98350"}],"version-history":[{"count":1,"href":"https:\/\/haberulus.net\/index.php?rest_route=\/wp\/v2\/posts\/98350\/revisions"}],"predecessor-version":[{"id":98352,"href":"https:\/\/haberulus.net\/index.php?rest_route=\/wp\/v2\/posts\/98350\/revisions\/98352"}],"wp:featuredmedia":[{"embeddable":true,"href":"https:\/\/haberulus.net\/index.php?rest_route=\/wp\/v2\/media\/98351"}],"wp:attachment":[{"href":"https:\/\/haberulus.net\/index.php?rest_route=%2Fwp%2Fv2%2Fmedia&parent=98350"}],"wp:term":[{"taxonomy":"category","embeddable":true,"href":"https:\/\/haberulus.net\/index.php?rest_route=%2Fwp%2Fv2%2Fcategories&post=98350"},{"taxonomy":"post_tag","embeddable":true,"href":"https:\/\/haberulus.net\/index.php?rest_route=%2Fwp%2Fv2%2Ftags&post=98350"}],"curies":[{"name":"wp","href":"https:\/\/api.w.org\/{rel}","templated":true}]}}