{"id":98623,"date":"2023-06-14T15:21:08","date_gmt":"2023-06-14T15:21:08","guid":{"rendered":"https:\/\/haberulus.net\/?p=98623"},"modified":"2023-06-14T15:21:08","modified_gmt":"2023-06-14T15:21:08","slug":"galatasaray-divan-kurulunda-dikkat-ceken-sozler-mhk-baskanini-korkuttuk-7-penaltiyi-aldik","status":"publish","type":"post","link":"https:\/\/haberulus.net\/?p=98623","title":{"rendered":"Galatasaray Divan Kurulu\u2019nda dikkat \u00e7eken s\u00f6zler! \u2018MHK Ba\u015fkan\u0131\u2019n\u0131 korkuttuk 7 penalt\u0131y\u0131 ald\u0131k!\u2019"},"content":{"rendered":"<p>Galatasaray\u2019\u0131n ba\u015fkan adaylar\u0131ndan F\u0131rat Develio\u011flu bug\u00fcn Divan Kurulu\u2019nda yapt\u0131\u011f\u0131 konu\u015fmalarda MHK i\u00e7in yapt\u0131klar\u0131 giri\u015fimlerden bahsetti. Develio\u011flu\u2019nun k\u00fcrs\u00fcdeki konu\u015fmalar\u0131 hem \u015fa\u015fk\u0131nl\u0131k yaratt\u0131 hem de b\u00fcy\u00fck dikkat \u00e7ekti.<\/p>\n<p>\u201cMHK bizi do\u011framaya ba\u015flay\u0131nca kul\u00fcb\u00fcm\u00fczden bunlar\u0131 durdurucu nitelikte a\u00e7\u0131klama ve eylemler gelmezken biz inisiyatif alarak m\u00fcsbet delillerle MHK ba\u015fkan\u0131 hakk\u0131nda su\u00e7 duyurusunda bulunduk. Yanl\u0131\u015f anlamay\u0131n TFF\u2019ye m\u00fcracaat de\u011fil. \u00d6rg\u00fctl\u00fc Su\u00e7lar Savc\u0131l\u0131\u011f\u0131\u2019na su\u00e7 duyurusunda bulunduk\u201d diye konu\u015fan Develio\u011flu, bu giri\u015fimden sonra MHK\u2019n\u0131n tavr\u0131n\u0131n de\u011fi\u015fti\u011fini iddia etti.<\/p>\n<p><b>\u2018\u0130LK 10 HAFTA TEK B\u0130R PENALTI VER\u0130LMED\u0130\u2019<\/b><\/p>\n<p>F\u0131rat Develio\u011flu, MHK i\u00e7in yapt\u0131klar\u0131 giri\u015fimin itiraf\u0131n\u0131 \u015fu \u015fekilde anlatt\u0131: \u201cHat\u0131rlars\u0131n\u0131z kupada Ba\u015fak\u015fehir kar\u015f\u0131s\u0131nda saf d\u0131\u015f\u0131 b\u0131rak\u0131ld\u0131\u011f\u0131m\u0131z ma\u00e7\u0131. Bu ma\u00e7 barda\u011f\u0131 ta\u015f\u0131ran son damla oldu. MHK bizi do\u011framaya ba\u015flay\u0131nca kul\u00fcb\u00fcm\u00fczden bunlar\u0131 durdurucu nitelikte a\u00e7\u0131klama ve eylemler gelmezken biz insiyatif alarak m\u00fcsbet delillerle MHK ba\u015fkan\u0131 hakk\u0131nda su\u00e7 duyurusunda bulunduk. Yanl\u0131\u015f anlamay\u0131n TFF\u2019ye m\u00fcracaat de\u011fil. \u00d6rg\u00fctl\u00fc Su\u00e7lar Savc\u0131l\u0131\u011f\u0131\u2019na su\u00e7 duyurusunda bulunduk. Bu giri\u015fimden sonra tak\u0131m\u0131m\u0131z\u0131n yanl\u0131\u015f hakem kararlar\u0131yla do\u011franma konusu kapand\u0131. Yap\u0131lan hatalar insani hata boyutuna d\u00fc\u015ft\u00fc. Yani ligin ilk on haftas\u0131nda lehimize tek bir penalt\u0131 verilmedi. \u00c7at\u0131r \u00e7at\u0131r do\u011franmaya ba\u015flad\u0131k.\u00a0Nereye gidece\u011fi belliydi. Hakk\u0131m\u0131z olan konular vard\u0131. Dubois\u2019n\u0131n aya\u011f\u0131na bas\u0131lma konusu vard\u0131. Sonra Erden Bey bir giri\u015fimde bulundu. Ama ondan sonraki 16 ma\u00e7 sonunda da bununla ilgili bir sakinlik olu\u015fmad\u0131. Ta ki ne zamana kadar. Gittim su\u00e7 duyurusunda bulunduk.\u201d<\/p>\n<p><img decoding=\"async\" src=\"https:\/\/i01.sozcucdn.com\/wp-content\/uploads\/2023\/06\/14\/mhk-e1686754609959-660x420.jpg\" alt=\"\" title=\"\"><\/p>\n<p><b>\u2018TELEFON D\u0130NLEMELER\u0130, BANKA HAREKETLER\u0130\u2026\u2019<\/b><\/p>\n<p>\u201dBunun i\u00e7in telefon dinlemeleri, HTS kay\u0131tlar\u0131, \u015fehir i\u00e7i kamera hareketleri, banka hareketleri, akrabalar\u0131n\u0131n banka hareketleriyle ilgili taleplerimiz oldu. Tabii ki bir insan\u0131 ger\u00e7ekten acaba bundan sonras\u0131 i\u00e7in bu tavr\u0131ma devam etmemem mi laz\u0131m veya su\u00e7 i\u015fliyorsam delil b\u0131rakmamam m\u0131 laz\u0131m gibi ruh haline sevk eden bir giri\u015fim. Ligin ilk 10 haftas\u0131nda lehimize bir tek penalt\u0131 verilmedi. Bu giri\u015fimi yapt\u0131ktan sonra 10 hafta, hakk\u0131m\u0131z olan 7 penalt\u0131y\u0131 ald\u0131k. \u0130lk 10 hafta s\u0131f\u0131r\u0131z. Son 10 hafta, 7 oyuncumuz sar\u0131 kart s\u0131n\u0131r\u0131nda Fenerbah\u00e7e ma\u00e7\u0131na kadar sadece Boey sar\u0131 kart\u0131 ihlal etti. O da fazla \u00f6nemi olmayan bir ma\u00e7ta. 6 oyuncumuzu biz Fenerbah\u00e7e ma\u00e7\u0131na kadar tam kadro getirebildik. Bunlar olmad\u0131. Biz burada kayr\u0131ld\u0131k falan de\u011fil, bizim oyuncumuz dikkat ediyor ama daha \u00f6nceki do\u011franma olay\u0131 kalkt\u0131. Biz hakk\u0131m\u0131z\u0131, hukukumuzu koruyabildik. 10 hafta k\u0131rm\u0131z\u0131 kart g\u00f6rmedik. Bir tek Zaniolo, o da k\u0131rm\u0131z\u0131 kart olan bir k\u0131rm\u0131z\u0131 kartt\u0131. Biz sahada do\u011franmad\u0131k. \u0130nsani hatalar oldu mu, oldu. Ama Ba\u015fak\u015fehir\u2019de saf d\u0131\u015f\u0131 b\u0131rak\u0131lmam\u0131z konusu kapanm\u0131\u015f oldu. Kay\u0131r\u0131lmadan hakk\u0131m\u0131z olan ma\u00e7 y\u00f6netimlerini g\u00f6rmeye ba\u015flad\u0131k. Yalansa ya da yanl\u0131\u015fsa s\u00f6yleyin. \u015eimdi bunlar\u0131n hepsini evet ben yapt\u0131m derim ama onu demiyorum. Bunlar Galatasaray\u2019\u0131n ortak akl\u0131. Ben saikle bunlar\u0131 yapt\u0131m. Ge\u00e7mi\u015fte edilen k\u00fcf\u00fcrler bana, taktirler bize gelsin.\u201d<\/p>\n","protected":false},"excerpt":{"rendered":"<p>Galatasaray&#8217;\u0131n ba\u015fkan adaylar\u0131ndan F\u0131rat Develio\u011flu sar\u0131 k\u0131rm\u0131z\u0131l\u0131 kul\u00fcb\u00fcn Divan Kurulu&#8217;nda yapt\u0131\u011f\u0131 konu\u015fmada, &#8220;MHK Ba\u015fkan\u0131&#8217;n\u0131 su\u00e7 duyurusuyla korkuttuk ve bu giri\u015fimi yapt\u0131ktan sonra 10 hafta, hakk\u0131m\u0131z olan 7 penalt\u0131y\u0131 ald\u0131k!&#8221; ifadelerini kulland\u0131.<\/p>\n","protected":false},"author":1,"featured_media":98624,"comment_status":"closed","ping_status":"open","sticky":false,"template":"","format":"standard","meta":{"footnotes":""},"categories":[31],"tags":[12441,278,2320,290,1363],"class_list":["post-98623","post","type-post","status-publish","format-standard","has-post-thumbnail","hentry","category-spor","tag-10-hafta","tag-bunlar","tag-kart","tag-mac","tag-mhk"],"_links":{"self":[{"href":"https:\/\/haberulus.net\/index.php?rest_route=\/wp\/v2\/posts\/98623","targetHints":{"allow":["GET"]}}],"collection":[{"href":"https:\/\/haberulus.net\/index.php?rest_route=\/wp\/v2\/posts"}],"about":[{"href":"https:\/\/haberulus.net\/index.php?rest_route=\/wp\/v2\/types\/post"}],"author":[{"embeddable":true,"href":"https:\/\/haberulus.net\/index.php?rest_route=\/wp\/v2\/users\/1"}],"replies":[{"embeddable":true,"href":"https:\/\/haberulus.net\/index.php?rest_route=%2Fwp%2Fv2%2Fcomments&post=98623"}],"version-history":[{"count":1,"href":"https:\/\/haberulus.net\/index.php?rest_route=\/wp\/v2\/posts\/98623\/revisions"}],"predecessor-version":[{"id":98625,"href":"https:\/\/haberulus.net\/index.php?rest_route=\/wp\/v2\/posts\/98623\/revisions\/98625"}],"wp:featuredmedia":[{"embeddable":true,"href":"https:\/\/haberulus.net\/index.php?rest_route=\/wp\/v2\/media\/98624"}],"wp:attachment":[{"href":"https:\/\/haberulus.net\/index.php?rest_route=%2Fwp%2Fv2%2Fmedia&parent=98623"}],"wp:term":[{"taxonomy":"category","embeddable":true,"href":"https:\/\/haberulus.net\/index.php?rest_route=%2Fwp%2Fv2%2Fcategories&post=98623"},{"taxonomy":"post_tag","embeddable":true,"href":"https:\/\/haberulus.net\/index.php?rest_route=%2Fwp%2Fv2%2Ftags&post=98623"}],"curies":[{"name":"wp","href":"https:\/\/api.w.org\/{rel}","templated":true}]}}