{"id":98639,"date":"2023-06-14T16:05:09","date_gmt":"2023-06-14T16:05:09","guid":{"rendered":"https:\/\/haberulus.net\/?p=98639"},"modified":"2023-06-14T16:05:09","modified_gmt":"2023-06-14T16:05:09","slug":"tahil-ambari-konya-ve-nigdede-ekmege-zam","status":"publish","type":"post","link":"https:\/\/haberulus.net\/?p=98639","title":{"rendered":"Tah\u0131l ambar\u0131 Konya ve Ni\u011fde\u2019de ekme\u011fe zam"},"content":{"rendered":"<p>Cumhurba\u015fkanl\u0131\u011f\u0131 ve 28. D\u00f6nem Milletvekili se\u00e7imlerinin ard\u0131ndan zam ya\u011fmuru devam ediyor.<\/p>\n<p>Konya&#8217;da 4 liradan sat\u0131lan 200 gram ekme\u011fin fiyat\u0131 5 liraya, Ni\u011fde&#8217;de ise 3,5 liradan 4,5 liraya y\u00fckseldi.<\/p>\n<p>Yar\u0131ndan itibaren ge\u00e7erli olacak zamlara gerek\u00e7e olarak ise artan maliyetler g\u00f6sterildi.<\/p>\n<p><strong>\u201c4 K\u0130\u015e\u0130L\u0130K A\u0130LE EKME\u011eE AYDA B\u0130N 200 L\u0130RANIN \u00dcZER\u0130NDE PARA VERECEK\u201d<\/strong><\/p>\n<p>Konya&#8217;da son bir y\u0131lda ekme\u011fe y\u00fczde 100&#8217;\u00fcn \u00fczerinde zam geldi\u011fini s\u00f6yleyen Gelecek Partisi Konya Milletvekili Hasan Ekici \u015f\u00f6yle konu\u015ftu:<\/p>\n<p>* Konya&#8217;da 200 gram ekme\u011fin fiyat\u0131 4 liradan 5 liraya y\u00fckseldi. Son bir y\u0131lda ekme\u011fe \u00fcst \u00fcste yap\u0131lan zamlar y\u00fczde 100&#8217;\u00fc a\u015ft\u0131. Ekme\u011fe son olarak ge\u00e7ti\u011fimiz Haziran ay\u0131nda y\u00fczde 40 zam yap\u0131lm\u0131\u015f ve fiyat\u0131 3,5 liraya y\u00fckselmi\u015fti.<\/p>\n<p>* Yine Kas\u0131m ay\u0131nda gelen zamla fiyat\u0131 4 liray\u0131 buldu. Artan maliyetler f\u0131r\u0131nc\u0131 esnaf\u0131m\u0131z\u0131 zor durumda b\u0131rak\u0131rken, yoksullukla bo\u011fu\u015fan halk\u0131m\u0131z ise ekmek bile almakta zorlan\u0131r hale geldi. 4 ki\u015filik bir ailenin ayda sadece ekme\u011fe verdi\u011fi para bin 200 liray\u0131 a\u015f\u0131yor.<\/p>\n<p>* Artan zamlar nedeniyle vatanda\u015f\u0131m\u0131z daha fazla ekmek t\u00fcketmeye ba\u015flad\u0131. Kuru ekme\u011fe muhta\u00e7 hale gelen vatanda\u015flar\u0131m\u0131z art\u0131k ekme\u011fi bile d\u00fc\u015f\u00fcnerek alacak hale geldi.<\/p>\n<p>* F\u0131r\u0131nc\u0131 esnaf\u0131m\u0131z\u0131n maliyetlerinin bir an \u00f6nce d\u00fc\u015f\u00fcr\u00fcl\u00fcp, vatanda\u015flar\u0131m\u0131z\u0131n ucuz ekme\u011fe ula\u015fmas\u0131 sa\u011flanmal\u0131.<\/p>\n","protected":false},"excerpt":{"rendered":"<p>Tah\u0131l ambar\u0131 olarak bilinen Konya ve kom\u015fu ili Ni\u011fde\u2019de ekme\u011fe zam geldi. Konya\u2019da 4 liraya sat\u0131lan 200 gram ekmek 5 liraya y\u00fckselirken Ni\u011fde\u2019de ise 3,5 liradan sat\u0131lan ekme\u011fin fiyat\u0131 4,5 lira oldu. Zamma gerek\u00e7e olarak ise artan maliyetler g\u00f6sterildi.<\/p>\n","protected":false},"author":1,"featured_media":98640,"comment_status":"closed","ping_status":"open","sticky":false,"template":"","format":"standard","meta":{"footnotes":""},"categories":[26],"tags":[8851,79],"class_list":["post-98639","post","type-post","status-publish","format-standard","has-post-thumbnail","hentry","category-gundem","tag-ekmege","tag-zam"],"_links":{"self":[{"href":"https:\/\/haberulus.net\/index.php?rest_route=\/wp\/v2\/posts\/98639","targetHints":{"allow":["GET"]}}],"collection":[{"href":"https:\/\/haberulus.net\/index.php?rest_route=\/wp\/v2\/posts"}],"about":[{"href":"https:\/\/haberulus.net\/index.php?rest_route=\/wp\/v2\/types\/post"}],"author":[{"embeddable":true,"href":"https:\/\/haberulus.net\/index.php?rest_route=\/wp\/v2\/users\/1"}],"replies":[{"embeddable":true,"href":"https:\/\/haberulus.net\/index.php?rest_route=%2Fwp%2Fv2%2Fcomments&post=98639"}],"version-history":[{"count":1,"href":"https:\/\/haberulus.net\/index.php?rest_route=\/wp\/v2\/posts\/98639\/revisions"}],"predecessor-version":[{"id":98641,"href":"https:\/\/haberulus.net\/index.php?rest_route=\/wp\/v2\/posts\/98639\/revisions\/98641"}],"wp:featuredmedia":[{"embeddable":true,"href":"https:\/\/haberulus.net\/index.php?rest_route=\/wp\/v2\/media\/98640"}],"wp:attachment":[{"href":"https:\/\/haberulus.net\/index.php?rest_route=%2Fwp%2Fv2%2Fmedia&parent=98639"}],"wp:term":[{"taxonomy":"category","embeddable":true,"href":"https:\/\/haberulus.net\/index.php?rest_route=%2Fwp%2Fv2%2Fcategories&post=98639"},{"taxonomy":"post_tag","embeddable":true,"href":"https:\/\/haberulus.net\/index.php?rest_route=%2Fwp%2Fv2%2Ftags&post=98639"}],"curies":[{"name":"wp","href":"https:\/\/api.w.org\/{rel}","templated":true}]}}