{"id":98642,"date":"2023-06-14T16:05:17","date_gmt":"2023-06-14T16:05:17","guid":{"rendered":"https:\/\/haberulus.net\/?p=98642"},"modified":"2023-06-14T16:05:17","modified_gmt":"2023-06-14T16:05:17","slug":"bestepede-nato-uyeligi-toplantisi","status":"publish","type":"post","link":"https:\/\/haberulus.net\/?p=98642","title":{"rendered":"Be\u015ftepe\u2019de NATO \u00fcyeli\u011fi toplant\u0131s\u0131"},"content":{"rendered":"<p>T\u00fcrkiye, Finlandiya, \u0130sve\u00e7 ve NATO heyetlerinin yer ald\u0131\u011f\u0131 3\u2019l\u00fc mutabakat uyar\u0131nca tesis edilen \u2018Daimi Ortak Mekanizma\u2019n\u0131n 4\u00fcnc\u00fc toplant\u0131s\u0131, Cumhurba\u015fkan\u0131 Ba\u015fdan\u0131\u015fman\u0131 B\u00fcy\u00fckel\u00e7i Akif \u00c7a\u011fatay K\u0131l\u0131\u00e7\u0131n ev sahipli\u011finde Cumhurba\u015fkanl\u0131\u011f\u0131\u2019nda ger\u00e7ekle\u015ftirildi.<\/p>\n<p>Toplant\u0131ya NATO heyeti ba\u015fkan\u0131 olarak NATO Genel Sekreter Kabine \u015eefi Stian Jenssen, \u0130sve\u00e7 heyeti ba\u015fkan\u0131 olarak \u0130sve\u00e7 D\u0131\u015fi\u015fleri Bakanl\u0131\u011f\u0131 Devlet Sekreteri B\u00fcy\u00fckel\u00e7i Jan Knutsson ve Finlandiya heyet ba\u015fkan\u0131 olarak da Finlandiya D\u0131\u015fi\u015fleri Bakanl\u0131\u011f\u0131 Daimi Devlet Sekreteri Jukka Salovaara kat\u0131ld\u0131.<\/p>\n<p><img decoding=\"async\" src=\"https:\/\/i01.sozcucdn.com\/wp-content\/uploads\/2023\/06\/14\/nato21_23199168.jpg\" alt=\"\" title=\"\"><\/p>\n<p><strong>\u201cKAYDED\u0130LEN \u0130LERLEMEN\u0130N D\u00dcZEY\u0130 ELE ALINMI\u015eTIR\u201d<\/strong><\/p>\n<p>\u0130leti\u015fim Ba\u015fkanl\u0131\u011f\u0131, yakla\u015f\u0131k 5 saat s\u00fcren toplant\u0131ya ili\u015fkin yaz\u0131l\u0131 a\u00e7\u0131klama yapt\u0131. T\u00fcrkiye, Finlandiya ve \u0130sve\u00e7 taraf\u0131ndan NATO Madrid Zirvesi marj\u0131nda 28 Haziran 2022 tarihinde imzalanan 3\u2019l\u00fc muht\u0131ra \u00e7er\u00e7evesinde kurulan Daimi Ortak Mekanizman\u0131n 4\u2019\u00fcnc\u00fc toplant\u0131s\u0131n\u0131n ger\u00e7ekle\u015ftirildi\u011fi belirtilerek, \u015f\u00f6yle denildi:<\/p>\n<p>*Cumhurba\u015fkan\u0131 Ba\u015fdan\u0131\u015fman\u0131 B\u00fcy\u00fckel\u00e7i Akif \u00c7a\u011fatay K\u0131l\u0131\u00e7 ve D\u0131\u015fi\u015fleri Bakan Yard\u0131mc\u0131s\u0131 B\u00fcy\u00fckel\u00e7i Burak Ak\u00e7apar\u0131n ba\u015fkanl\u0131k ettikleri heyetimizde D\u0131\u015fi\u015fleri, \u0130\u00e7i\u015fleri, Milli Savunma ve Adalet Bakanl\u0131klar\u0131 ile Milli \u0130stihbarat Te\u015fkilat\u0131 temsilcileri yer alm\u0131\u015ft\u0131r.<\/p>\n<p>*Toplant\u0131da, \u0130sve\u00e7in \u00fc\u00e7l\u00fc muht\u0131rada yer alan taahh\u00fctler ba\u011flam\u0131nda att\u0131\u011f\u0131 ad\u0131mlar ele al\u0131nm\u0131\u015ft\u0131r. Ba\u015fta, bu \u00fclkede 1 Haziran 2023 tarihinde y\u00fcr\u00fcrl\u00fc\u011fe giren yeni mevzuat olmak \u00fczere ter\u00f6rizmle m\u00fccadelede al\u0131nmakta olan tedbirlerin ter\u00f6r \u00f6rg\u00fctlerinin \u0130sve\u00e7teki faaliyetlerine y\u00f6nelik yans\u0131malar\u0131, somut \u00f6rnekler temelinde isti\u015fare edilmi\u015ftir.<\/p>\n<p>*Bu \u00e7er\u00e7evede, \u00fc\u00e7l\u00fc muht\u0131rada kay\u0131tl\u0131 taahh\u00fctlerin hayata ge\u00e7irilmesinde kaydedilen ilerlemenin d\u00fczeyi ele al\u0131nm\u0131\u015ft\u0131r. Kat\u0131l\u0131mc\u0131lar Daimi Ortak Mekanizman\u0131n \u00f6nemini vurgulam\u0131\u015flar ve m\u00fcteakip somut ad\u0131mlar \u00fczerinde \u00e7al\u0131\u015fmaya devam etmek hususunda mutab\u0131k kalm\u0131\u015flard\u0131r.<\/p>\n<p>*4 Nisan 2023 tarihinde NATOya kat\u0131lan Finlandiyan\u0131n, s\u00fcrecin ba\u015f\u0131nda daimi olarak tasarlanan bu mekanizman\u0131n toplant\u0131lar\u0131na kat\u0131lmaya devam etmesi, ter\u00f6r \u00f6rg\u00fctleriyle m\u00fccadelenin takibinin NATO \u00fcyeli\u011finden sonra da s\u00fcrd\u00fcr\u00fclece\u011finin teyidi bak\u0131m\u0131ndan ayr\u0131ca \u00f6nem ta\u015f\u0131maktad\u0131r. (DHA)<\/p>\n","protected":false},"excerpt":{"rendered":"<p>\u0130sve\u00e7&#8217;in NATO \u00fcyeli\u011fine y\u00f6nelik T\u00fcrkiye, Finlandiya, \u0130sve\u00e7 ve NATO heyetlerinin yer ald\u0131\u011f\u0131 &#8216;Daimi Ortak Mekanizma&#8217; toplant\u0131s\u0131 Cumhurba\u015fkan\u0131 Ba\u015fdan\u0131\u015fman\u0131 B\u00fcy\u00fckel\u00e7i Akif \u00c7a\u011fatay K\u0131l\u0131\u00e7&#8217;\u0131n ev sahipli\u011finde Be\u015ftepe&#8217;de ger\u00e7ekle\u015ftirildi. Konuyla ilgili \u0130leti\u015fim Ba\u015fkanl\u0131\u011f\u0131&#8217;ndan a\u00e7\u0131klama geldi.<\/p>\n","protected":false},"author":1,"featured_media":98643,"comment_status":"closed","ping_status":"open","sticky":false,"template":"","format":"standard","meta":{"footnotes":""},"categories":[26],"tags":[10337,674,1336,816,263],"class_list":["post-98642","post","type-post","status-publish","format-standard","has-post-thumbnail","hentry","category-gundem","tag-daimi","tag-finlandiya","tag-heyet","tag-isvec","tag-nato"],"_links":{"self":[{"href":"https:\/\/haberulus.net\/index.php?rest_route=\/wp\/v2\/posts\/98642","targetHints":{"allow":["GET"]}}],"collection":[{"href":"https:\/\/haberulus.net\/index.php?rest_route=\/wp\/v2\/posts"}],"about":[{"href":"https:\/\/haberulus.net\/index.php?rest_route=\/wp\/v2\/types\/post"}],"author":[{"embeddable":true,"href":"https:\/\/haberulus.net\/index.php?rest_route=\/wp\/v2\/users\/1"}],"replies":[{"embeddable":true,"href":"https:\/\/haberulus.net\/index.php?rest_route=%2Fwp%2Fv2%2Fcomments&post=98642"}],"version-history":[{"count":1,"href":"https:\/\/haberulus.net\/index.php?rest_route=\/wp\/v2\/posts\/98642\/revisions"}],"predecessor-version":[{"id":98644,"href":"https:\/\/haberulus.net\/index.php?rest_route=\/wp\/v2\/posts\/98642\/revisions\/98644"}],"wp:featuredmedia":[{"embeddable":true,"href":"https:\/\/haberulus.net\/index.php?rest_route=\/wp\/v2\/media\/98643"}],"wp:attachment":[{"href":"https:\/\/haberulus.net\/index.php?rest_route=%2Fwp%2Fv2%2Fmedia&parent=98642"}],"wp:term":[{"taxonomy":"category","embeddable":true,"href":"https:\/\/haberulus.net\/index.php?rest_route=%2Fwp%2Fv2%2Fcategories&post=98642"},{"taxonomy":"post_tag","embeddable":true,"href":"https:\/\/haberulus.net\/index.php?rest_route=%2Fwp%2Fv2%2Ftags&post=98642"}],"curies":[{"name":"wp","href":"https:\/\/api.w.org\/{rel}","templated":true}]}}