{"id":98715,"date":"2023-06-14T19:05:03","date_gmt":"2023-06-14T19:05:03","guid":{"rendered":"https:\/\/haberulus.net\/?p=98715"},"modified":"2023-06-14T19:05:03","modified_gmt":"2023-06-14T19:05:03","slug":"hamit-altintop-tarihin-en-onemli-milli-takimi-olabilir","status":"publish","type":"post","link":"https:\/\/haberulus.net\/?p=98715","title":{"rendered":"Hamit Alt\u0131ntop: Tarihin en \u00f6nemli milli tak\u0131m\u0131 olabilir"},"content":{"rendered":"<p>A Milli Futbol Tak\u0131m\u0131, EURO 2024 Elemeleri D 3\u2019\u00fcnc\u00fc ma\u00e7\u0131nda deplasmanda Letonya\u2019n\u0131n konu\u011fu olacak. Milliler, 16 Haziran Cuma g\u00fcn\u00fc oynanacak kar\u015f\u0131la\u015fma \u00f6ncesinde bug\u00fcn \u00f6zel u\u00e7akla Letonya\u2019n\u0131n ba\u015fkenti Riga\u2019ya geldi. Millileri, havaliman\u0131nda az say\u0131da futbolsever kar\u015f\u0131larken, oyuncular forma imzalama ve foto\u011fraf \u00e7ektirme isteklerini k\u0131rmad\u0131.<\/p>\n<p>T\u00fcrkiye Futbol Federasyonu Milli Tak\u0131mlardan Sorumlu Y\u00f6netim Kurulu Hamit Alt\u0131ntop, Riga\u2019da bas\u0131n mensuplar\u0131na a\u00e7\u0131klamalarda bulundu. En iyi \u015fekilde ma\u00e7lara haz\u0131rland\u0131klar\u0131n\u0131 s\u00f6yleyen Hamit Alt\u0131ntop, \u201cYolculuk iyi ge\u00e7ti. 4 g\u00fcnd\u00fcr arkada\u015flarla beraberiz. Verimli bir d\u00f6rt g\u00fcn diye d\u00fc\u015f\u00fcn\u00fcyoruz. 2 gecemiz var, sonras\u0131nda ma\u00e7a \u00e7\u0131kaca\u011f\u0131z. En iyi \u015fekilde haz\u0131rlan\u0131yoruz. \u00c7ok \u00f6nemli bir organizasyonda. Ba\u015far\u0131yla tamamlad\u0131\u011f\u0131m\u0131z\u0131 inan\u0131yorum. Yenikap\u0131\u2019da b\u00fcy\u00fck bir festival alan\u0131 vard\u0131. Misafirlerimizin transferin, g\u00fcvenli\u011finde ikametlerinde hi\u00e7bir s\u0131k\u0131nt\u0131 olmad\u0131. Ma\u00e7, kalite ve performans anlam\u0131nda istedi\u011fimiz kadar olmasa da T\u00fcrkiye\u2019miz, federasyonumuz misafirperverli\u011fini, a\u011f\u0131rlama \u015feklini en \u00fcst seviye \u00e7\u0131kartt\u0131. Bu da bizi gururland\u0131r\u0131yor\u201d diye konu\u015ftu.<\/p>\n<p><b>\u201cTAR\u0130H\u0130N EN \u00d6NEML\u0130 M\u0130LL\u0130 TAKIMI OLAB\u0130L\u0130R\u201d<\/b><\/p>\n<p>Gruptaki her ma\u00e7\u0131n zor oldu\u011funa dikkat \u00e7eken Hamit Alt\u0131ntop, \u201cHer ma\u00e7 zor. Fiziki anlamda uzun top oynayan, iyi bir tak\u0131m. Ama biz burada futbolumuzu oynamaya \u00e7al\u0131\u015faca\u011f\u0131z. Olay\u0131n ciddiyetinin fark\u0131nday\u0131z. Hedef Almanya 2024. Ma\u00e7lar\u0131m\u0131z azal\u0131yor. Ekiple 20 ayd\u0131r beraberiz. \u0130ni\u015fli, \u00e7\u0131k\u0131\u015fl\u0131 bir s\u00fcre\u00e7 oldu. Do\u011fru yolda oldu\u011fumuza inan\u0131yoruz. Devrim yapmak istiyorsan\u0131z bu ini\u015f, \u00e7\u0131k\u0131\u015flar do\u011fald\u0131r. Bu yolda do\u011fru analizleri yapman\u0131z gerekir. Biz de bunu \u00fcst\u00fcnde duruyoruz. \u0130nanc\u0131m\u0131z tam. Bu A Milli Tak\u0131m istedi\u011fimiz performans\u0131 sahaya yans\u0131tabilirse tarihin en \u00f6nemli milli tak\u0131m\u0131 olabilir. Arkada\u015flar\u0131m\u0131z yapt\u0131\u011f\u0131m\u0131z toplant\u0131larda da bunu konu\u015ftuk. Yolumuza devam ediyoruz. Ben inan\u0131yorum ki iki ma\u00e7 sonunda iyi bir tablo ortaya \u00e7\u0131kaca\u011f\u0131z\u201d ifadelerini kulland\u0131.<\/p>\n<p><b>\u201cHEDEFE ODAKLANDIK\u201d<\/b><\/p>\n<p>Kuntz\u2019un zaman zaman sorguland\u0131\u011f\u0131n\u0131 ancak moralinin olduk\u00e7a iyi oldu\u011funu s\u00f6yleyen Hamit Alt\u0131ntop, \u201cKuntz\u2019un morali gayet iyi. Evet sorguland\u0131 bizler de her \u015feyi sorgulad\u0131k. Ciddi ciddi her ta\u015f\u0131 \u00e7evirdik. \u0130nsanlar\u0131n bunu bilmesi gerekir. Buraya bir \u00fclkeyi temsil ediyoruz. Karde\u015fimizi do\u011fru y\u00f6ne do\u011fru y\u00f6neltti\u011fimize inan\u0131yorum. Ama ayn\u0131 zamanda do\u011fru da beslememiz gerekiyor. \u00c7al\u0131\u015fmalar\u0131m\u0131z yo\u011fun olarak devam ediyor. Zor oldu\u011funu biliyorum. Kuntz\u2019un keyfi yerinde. Sizler de \u0130stanbul\u2019da idmanlar\u0131 takip edebildiniz. Hedefe odakland\u0131k. \u0130yi bir performans g\u00f6sterirsek Letonya ve Galler\u2019de g\u00fclen taraf biz olaca\u011f\u0131z\u201d \u015feklinde konu\u015ftu.<\/p>\n<p><b>\u201cBU AYNI ZAMANDA D\u0130\u011eER OYUNCULARA DA FIRSAT OLUYOR\u201d<\/b><\/p>\n<p>Sakatl\u0131klar\u0131 nedeniyle tak\u0131mda yer alamayan oyuncular\u0131n, yoklu\u011funun yads\u0131namayaca\u011f\u0131n\u0131 ancak kadrodaki di\u011fer isimlerin bunu telafi edebilece\u011fini dile getiren Alt\u0131ntop, \u201cCenk\u2019in tecr\u00fcbesi, Enes\u2019in son 2 y\u0131lki performans\u0131 bunlar g\u00f6rmezlikten gelinemez. \u00c7a\u011flar da bug\u00fcn maalesef kadrodan \u00e7\u0131kt\u0131. Bizim arkada\u015flar\u0131m\u0131z bunu telafi edecek g\u00fc\u00e7te. Bu ayn\u0131 zamanda di\u011fer oyunculara da f\u0131rsat oluyor. Onlar da bu f\u0131rsatlar\u0131 de\u011ferlendirecektir\u201d diye konu\u015ftu.<\/p>\n<p><b>\u201cNE SORUMLULUK GEREK\u0130RSE ALIRIZ\u201d<\/b><\/p>\n<p>Milli tak\u0131ma sahip \u00e7\u0131k\u0131lmas\u0131 gerekti\u011fini belirten Alt\u0131ntop, s\u00f6zlerini \u015f\u00f6yle tamamlad\u0131: \u201cTek tak\u0131m\u0131m\u0131z var. Bu tak\u0131ma sahip \u00e7\u0131kmam\u0131z laz\u0131m. Bu seviyede ele\u015ftiriler illa ki olacakt\u0131r, bu ka\u00e7\u0131n\u0131lmaz. Spor insanlar\u0131m\u0131z, 2 ma\u00e7tan sonra de\u011ferlendirirlerse mutlu oluruz. Bunun bilincindeyiz. Biz sorumluluktan ka\u00e7m\u0131yoruz. Ne sorumluluk gerekirse al\u0131r\u0131z. Olaya b\u00f6yle yakla\u015f\u0131yoruz. Var\u0131m\u0131z\u0131, yo\u011fumuzu bu karde\u015flerimizin bayra\u011f\u0131m\u0131z\u0131 daha y\u00fcksekte dalgaland\u0131rmas\u0131 i\u00e7in veriyoruz.\u201d<\/p>\n","protected":false},"excerpt":{"rendered":"<p>T\u00fcrkiye Futbol Federasyonu Milli Tak\u0131mlardan Sorumlu Y\u00f6netim Kurulu Hamit Alt\u0131ntop, &#8220;Ekiple 20 ayd\u0131r beraberiz. \u0130ni\u015fli, \u00e7\u0131k\u0131\u015fl\u0131 bir s\u00fcre\u00e7 oldu. Do\u011fru yolda oldu\u011fumuza inan\u0131yoruz. Devrim yapmak istiyorsan\u0131z bu ini\u015f, \u00e7\u0131k\u0131\u015flar do\u011fald\u0131r. Bu yolda do\u011fru analizleri yapman\u0131z gerekir. Biz de bunu \u00fcst\u00fcnde duruyoruz. \u0130nanc\u0131m\u0131z tam. Bu A Milli Tak\u0131m istedi\u011fimiz performans\u0131 sahaya yans\u0131tabilirse tarihin en \u00f6nemli milli tak\u0131m\u0131 olabilir&#8221; dedi.<\/p>\n","protected":false},"author":1,"featured_media":98716,"comment_status":"closed","ping_status":"open","sticky":false,"template":"","format":"standard","meta":{"footnotes":""},"categories":[31],"tags":[1989,290,4138,192,289],"class_list":["post-98715","post","type-post","status-publish","format-standard","has-post-thumbnail","hentry","category-spor","tag-altintop","tag-mac","tag-milli-takim","tag-takim","tag-zaman"],"_links":{"self":[{"href":"https:\/\/haberulus.net\/index.php?rest_route=\/wp\/v2\/posts\/98715","targetHints":{"allow":["GET"]}}],"collection":[{"href":"https:\/\/haberulus.net\/index.php?rest_route=\/wp\/v2\/posts"}],"about":[{"href":"https:\/\/haberulus.net\/index.php?rest_route=\/wp\/v2\/types\/post"}],"author":[{"embeddable":true,"href":"https:\/\/haberulus.net\/index.php?rest_route=\/wp\/v2\/users\/1"}],"replies":[{"embeddable":true,"href":"https:\/\/haberulus.net\/index.php?rest_route=%2Fwp%2Fv2%2Fcomments&post=98715"}],"version-history":[{"count":1,"href":"https:\/\/haberulus.net\/index.php?rest_route=\/wp\/v2\/posts\/98715\/revisions"}],"predecessor-version":[{"id":98717,"href":"https:\/\/haberulus.net\/index.php?rest_route=\/wp\/v2\/posts\/98715\/revisions\/98717"}],"wp:featuredmedia":[{"embeddable":true,"href":"https:\/\/haberulus.net\/index.php?rest_route=\/wp\/v2\/media\/98716"}],"wp:attachment":[{"href":"https:\/\/haberulus.net\/index.php?rest_route=%2Fwp%2Fv2%2Fmedia&parent=98715"}],"wp:term":[{"taxonomy":"category","embeddable":true,"href":"https:\/\/haberulus.net\/index.php?rest_route=%2Fwp%2Fv2%2Fcategories&post=98715"},{"taxonomy":"post_tag","embeddable":true,"href":"https:\/\/haberulus.net\/index.php?rest_route=%2Fwp%2Fv2%2Ftags&post=98715"}],"curies":[{"name":"wp","href":"https:\/\/api.w.org\/{rel}","templated":true}]}}