{"id":98721,"date":"2023-06-14T19:21:04","date_gmt":"2023-06-14T19:21:04","guid":{"rendered":"https:\/\/haberulus.net\/?p=98721"},"modified":"2023-06-14T19:21:04","modified_gmt":"2023-06-14T19:21:04","slug":"birlesmis-milletlerden-suriye-uyarisi","status":"publish","type":"post","link":"https:\/\/haberulus.net\/?p=98721","title":{"rendered":"Birle\u015fmi\u015f Milletler\u2019den Suriye uyar\u0131s\u0131"},"content":{"rendered":"<p>Suriye i\u00e7in d\u00fczenlenen 7. Br\u00fcksel Konferans\u0131 kapsam\u0131nda \u00fc\u00e7 BM \u00f6rg\u00fct\u00fc yaz\u0131l\u0131 a\u00e7\u0131klama yapt\u0131. A\u00e7\u0131klamada, Suriye\u2019de sava\u015f\u0131n \u0130kinci D\u00fcnya Sava\u015f\u0131\u2019ndan iki kat daha uzun s\u00fcrd\u00fc\u011f\u00fcne dikkat \u00e7ekilirken, sava\u015f\u0131n Suriye halk\u0131, m\u00fclteciler ve kom\u015fu \u00fclkeler \u00fczerindeki \u201cinsani maliyetinin astronomik\u201d oldu\u011fu belirtildi.<\/p>\n<p>\u00dclkede 15 milyondan fazla ki\u015finin insani yard\u0131m ve korumaya muhta\u00e7 oldu\u011fu aktar\u0131lan a\u00e7\u0131klamada, 13 milyon ki\u015finin yerlerinden edildi\u011fi ifade edildi.<\/p>\n<p>A\u00e7\u0131klamada, T\u00fcrkiye, M\u0131s\u0131r, Irak, \u00dcrd\u00fcn ve L\u00fcbnan\u2019da 13,5 milyon ki\u015finin uzun vadeli deste\u011fe ihtiya\u00e7 duydu\u011funa i\u015faret edildi.<\/p>\n<p>D\u00f6rt Suriyeli \u00e7ocuktan birinin geli\u015fiminin etkilendi\u011fi belirtilen a\u00e7\u0131klamada, \u201cUluslararas\u0131 toplumdan \u00e7ok ciddi mali deste\u011fe ihtiya\u00e7 var.\u201d uyar\u0131s\u0131 yap\u0131ld\u0131.<\/p>\n<p><strong>\u201cEV SAH\u0130PL\u0130\u011e\u0130 YAPAN \u00dcLKELER ULUSLARARASI TOPLUM ADINA B\u00dcY\u00dcK Y\u00dcK \u00dcSTLEND\u0130\u201d<\/strong><\/p>\n<p>A\u00e7\u0131klamada, Suriye i\u00e7in a\u00e7\u0131klanan yard\u0131m planlar\u0131n\u0131n yeterince fonlanmad\u0131\u011f\u0131na dikkat \u00e7ekilirken, \u201cK\u00fcresel ekonomik bask\u0131lar\u0131n etkisine ra\u011fmen M\u0131s\u0131r, \u00dcrd\u00fcn, Irak, L\u00fcbnan ve T\u00fcrkiye uluslararas\u0131 toplum ad\u0131na \u00e7ok b\u00fcy\u00fck bir y\u00fck \u00fcstlendiler.\u201d denildi.<\/p>\n<p>B\u00f6lgedeki ihtiya\u00e7lar\u0131n kar\u015f\u0131lanmas\u0131 i\u00e7in herkesin ad\u0131m atmas\u0131 gerekti\u011fi vurgulanan a\u00e7\u0131klamada, \u201cDon\u00f6rlere gerekli kaynaklar\u0131n tesis edilmesi i\u00e7in c\u00f6mertliklerini s\u00fcrd\u00fcrmeleri \u00e7a\u011fr\u0131s\u0131nda bulunuyoruz. B\u00f6ylelikle Suriye ve ev sahipli\u011fi yapan \u00fclkelere daha fazla destek sa\u011flayabiliriz.\u201d ifadelerine yer verildi.<\/p>\n<p><strong>BR\u00dcKSEL KONFERANSI<\/strong><\/p>\n<p>Konferans, AB\u2019nin Suriye halk\u0131na olan ba\u011fl\u0131l\u0131\u011f\u0131n\u0131 ve deste\u011fini yinelemeyi, Suriye\u2019de ve kom\u015fu \u00fclkelerde ya\u015fayan, Suriyelilerin artan ihtiya\u00e7lar\u0131n\u0131 kar\u015f\u0131lamak i\u00e7in insani ve mali deste\u011fi seferber etmeyi ama\u00e7l\u0131yor.<\/p>\n<p>Ayr\u0131ca L\u00fcbnan, \u00dcrd\u00fcn, T\u00fcrkiye, M\u0131s\u0131r ve Irak gibi yerinden edilmi\u015f insanlara ve m\u00fcltecilere kar\u015f\u0131 dayan\u0131\u015fma g\u00f6steren \u00fclkelere siyasi ve mali destek toplanmas\u0131 hedefleniyor.<\/p>\n<p>Ge\u00e7en seneki konferansta 6,4 milyar avro taahh\u00fct edilmi\u015fti. (AA)<\/p>\n","protected":false},"excerpt":{"rendered":"<p>Birle\u015fmi\u015f Milletler \u0130nsani \u0130\u015fler Koordinasyon Ofisi (OCHA), BM M\u00fclteciler Y\u00fcksek Komiserli\u011fi (UNHCR) ve BM Kalk\u0131nma Program\u0131 (UNDP), Suriye sava\u015f\u0131n\u0131n insanlar \u00fczerindeki etkisinin &#8220;astronomik&#8221; boyutlara ula\u015ft\u0131\u011f\u0131n\u0131 bildirdi.<\/p>\n","protected":false},"author":1,"featured_media":98722,"comment_status":"closed","ping_status":"open","sticky":false,"template":"","format":"standard","meta":{"footnotes":""},"categories":[24],"tags":[44,2093],"class_list":["post-98721","post","type-post","status-publish","format-standard","has-post-thumbnail","hentry","category-dunya","tag-suriye","tag-ulkeler"],"_links":{"self":[{"href":"https:\/\/haberulus.net\/index.php?rest_route=\/wp\/v2\/posts\/98721","targetHints":{"allow":["GET"]}}],"collection":[{"href":"https:\/\/haberulus.net\/index.php?rest_route=\/wp\/v2\/posts"}],"about":[{"href":"https:\/\/haberulus.net\/index.php?rest_route=\/wp\/v2\/types\/post"}],"author":[{"embeddable":true,"href":"https:\/\/haberulus.net\/index.php?rest_route=\/wp\/v2\/users\/1"}],"replies":[{"embeddable":true,"href":"https:\/\/haberulus.net\/index.php?rest_route=%2Fwp%2Fv2%2Fcomments&post=98721"}],"version-history":[{"count":1,"href":"https:\/\/haberulus.net\/index.php?rest_route=\/wp\/v2\/posts\/98721\/revisions"}],"predecessor-version":[{"id":98723,"href":"https:\/\/haberulus.net\/index.php?rest_route=\/wp\/v2\/posts\/98721\/revisions\/98723"}],"wp:featuredmedia":[{"embeddable":true,"href":"https:\/\/haberulus.net\/index.php?rest_route=\/wp\/v2\/media\/98722"}],"wp:attachment":[{"href":"https:\/\/haberulus.net\/index.php?rest_route=%2Fwp%2Fv2%2Fmedia&parent=98721"}],"wp:term":[{"taxonomy":"category","embeddable":true,"href":"https:\/\/haberulus.net\/index.php?rest_route=%2Fwp%2Fv2%2Fcategories&post=98721"},{"taxonomy":"post_tag","embeddable":true,"href":"https:\/\/haberulus.net\/index.php?rest_route=%2Fwp%2Fv2%2Ftags&post=98721"}],"curies":[{"name":"wp","href":"https:\/\/api.w.org\/{rel}","templated":true}]}}