{"id":98956,"date":"2023-06-15T09:05:32","date_gmt":"2023-06-15T09:05:32","guid":{"rendered":"https:\/\/haberulus.net\/?p=98956"},"modified":"2023-06-15T09:05:32","modified_gmt":"2023-06-15T09:05:32","slug":"uclu-muhtiranin-daimi-ortak-mekanizma-toplantisi-gerceklestirildi","status":"publish","type":"post","link":"https:\/\/haberulus.net\/?p=98956","title":{"rendered":"\u00dc\u00e7l\u00fc Muht\u0131ra&#8217;n\u0131n Daimi Ortak Mekanizma toplant\u0131s\u0131 ger\u00e7ekle\u015ftirildi"},"content":{"rendered":"<p>Cumhurba\u015fkanl\u0131\u011f\u0131 \u0130leti\u015fim Ba\u015fkanl\u0131\u011f\u0131ndan Daimi Ortak Mekanizma d\u00f6rd\u00fcnc\u00fc toplant\u0131s\u0131na ili\u015fkin yap\u0131lan a\u00e7\u0131klamada, Cumhurba\u015fkan\u0131 Ba\u015fdan\u0131\u015fman\u0131 B\u00fcy\u00fckel\u00e7i Akif \u00c7a\u011fatay K\u0131l\u0131\u00e7 ve D\u0131\u015fi\u015fleri Bakan Yard\u0131mc\u0131s\u0131 B\u00fcy\u00fckel\u00e7i Burak Ak\u00e7apar&#8217;\u0131n ba\u015fkanl\u0131k ettikleri T\u00fcrk heyetinde D\u0131\u015fi\u015fleri, \u0130\u00e7i\u015fleri, Milli Savunma ve Adalet Bakanl\u0131klar\u0131 ile Milli \u0130stihbarat Te\u015fkilat\u0131 temsilcilerinin yer ald\u0131\u011f\u0131 belirtildi.<\/p>\n<p>A\u00e7\u0131klamada, \u015funlar kaydedildi:<\/p>\n<p>&#8220;Toplant\u0131da, \u0130sve\u00e7&#8217;in \u00dc\u00e7l\u00fc Muht\u0131ra&#8217;da yer alan taahh\u00fctler ba\u011flam\u0131nda att\u0131\u011f\u0131 ad\u0131mlar ele al\u0131nm\u0131\u015ft\u0131r. Ba\u015fta, bu \u00fclkede 1 Haziran 2023 tarihinde y\u00fcr\u00fcrl\u00fc\u011fe giren yeni mevzuat olmak \u00fczere ter\u00f6rizmle m\u00fccadelede al\u0131nmakta olan tedbirlerin ter\u00f6r \u00f6rg\u00fctlerinin \u0130sve\u00e7&#8217;teki faaliyetlerine y\u00f6nelik yans\u0131malar\u0131, somut \u00f6rnekler temelinde isti\u015fare edilmi\u015ftir. Bu \u00e7er\u00e7evede, \u00dc\u00e7l\u00fc Muht\u0131ra&#8217;da kay\u0131tl\u0131 taahh\u00fctlerin hayata ge\u00e7irilmesinde kaydedilen ilerlemenin d\u00fczeyi ele al\u0131nm\u0131\u015ft\u0131r. Kat\u0131l\u0131mc\u0131lar Daimi Ortak Mekanizma&#8217;n\u0131n \u00f6nemini vurgulam\u0131\u015f ve m\u00fcteakip somut ad\u0131mlar \u00fczerinde \u00e7al\u0131\u015fmaya devam etmek hususunda mutab\u0131k kalm\u0131\u015flard\u0131r. 4 Nisan 2023 tarihinde NATO&#8217;ya kat\u0131lan Finlandiya&#8217;n\u0131n, s\u00fcrecin ba\u015f\u0131nda daimi olarak tasarlanan bu mekanizman\u0131n toplant\u0131lar\u0131na kat\u0131lmaya devam etmesi, ter\u00f6r \u00f6rg\u00fctleriyle m\u00fccadelenin takibinin NATO \u00fcyeli\u011finden sonra da s\u00fcrd\u00fcr\u00fclece\u011finin teyidi bak\u0131m\u0131ndan ayr\u0131ca \u00f6nem ta\u015f\u0131maktad\u0131r.&#8221;<\/p>\n<div>Kaynak: AA \/  M\u00fcmin Alta\u015f &#8211;  Politika <\/div>\n","protected":false},"excerpt":{"rendered":"<p>T\u00fcrkiye, Finlandiya ve \u0130sve\u00e7 taraf\u0131ndan NATO Madrid Zirvesi marj\u0131nda 28 Haziran 2022 tarihinde imzalanan \u00dc\u00e7l\u00fc Muht\u0131ra \u00e7er\u00e7evesinde kurulan Daimi Ortak Mekanizma&#8217;n\u0131n d\u00f6rd\u00fcnc\u00fc toplant\u0131s\u0131 ger\u00e7ekle\u015ftirildi. Toplant\u0131da, \u0130sve\u00e7&#8217;in \u00dc\u00e7l\u00fc Muht\u0131ra&#8217;da yer alan taahh\u00fctler ba\u011flam\u0131nda att\u0131\u011f\u0131 ad\u0131mlar ele al\u0131nd\u0131.<\/p>\n","protected":false},"author":1,"featured_media":0,"comment_status":"closed","ping_status":"open","sticky":false,"template":"","format":"standard","meta":{"footnotes":""},"categories":[28],"tags":[],"class_list":["post-98956","post","type-post","status-publish","format-standard","hentry","category-politika"],"_links":{"self":[{"href":"https:\/\/haberulus.net\/index.php?rest_route=\/wp\/v2\/posts\/98956","targetHints":{"allow":["GET"]}}],"collection":[{"href":"https:\/\/haberulus.net\/index.php?rest_route=\/wp\/v2\/posts"}],"about":[{"href":"https:\/\/haberulus.net\/index.php?rest_route=\/wp\/v2\/types\/post"}],"author":[{"embeddable":true,"href":"https:\/\/haberulus.net\/index.php?rest_route=\/wp\/v2\/users\/1"}],"replies":[{"embeddable":true,"href":"https:\/\/haberulus.net\/index.php?rest_route=%2Fwp%2Fv2%2Fcomments&post=98956"}],"version-history":[{"count":1,"href":"https:\/\/haberulus.net\/index.php?rest_route=\/wp\/v2\/posts\/98956\/revisions"}],"predecessor-version":[{"id":98957,"href":"https:\/\/haberulus.net\/index.php?rest_route=\/wp\/v2\/posts\/98956\/revisions\/98957"}],"wp:attachment":[{"href":"https:\/\/haberulus.net\/index.php?rest_route=%2Fwp%2Fv2%2Fmedia&parent=98956"}],"wp:term":[{"taxonomy":"category","embeddable":true,"href":"https:\/\/haberulus.net\/index.php?rest_route=%2Fwp%2Fv2%2Fcategories&post=98956"},{"taxonomy":"post_tag","embeddable":true,"href":"https:\/\/haberulus.net\/index.php?rest_route=%2Fwp%2Fv2%2Ftags&post=98956"}],"curies":[{"name":"wp","href":"https:\/\/api.w.org\/{rel}","templated":true}]}}