{"id":98958,"date":"2023-06-15T09:06:03","date_gmt":"2023-06-15T09:06:03","guid":{"rendered":"https:\/\/haberulus.net\/?p=98958"},"modified":"2023-06-15T09:06:03","modified_gmt":"2023-06-15T09:06:03","slug":"imamoglunun-chp-liderligi-icin-farkli-bir-plani-var-ak-partideki-abdullah-gul-formulunu-uygulayabilir","status":"publish","type":"post","link":"https:\/\/haberulus.net\/?p=98958","title":{"rendered":"\u0130mamo\u011flu&#8217;nun CHP liderli\u011fi i\u00e7in farkl\u0131 bir plan\u0131 var! AK Parti&#8217;deki &#8220;Abdullah G\u00fcl&#8221; form\u00fcl\u00fcn\u00fc uygulayabilir"},"content":{"rendered":"<p> <strong>Se\u00e7im<\/strong> yenilgisinin ard\u0131ndan CHP Genel Ba\u015fkan\u0131 K\u0131l\u0131\u00e7daro\u011flu&#8217;nun &#8220;M\u00fccadeleye devam&#8221; mesaj\u0131 vermesi baz\u0131 kesimlerde rahats\u0131zl\u0131k yaratt\u0131. K\u0131l\u0131\u00e7daro\u011flu istifa \u00e7a\u011fr\u0131lar\u0131n\u0131 duymazdan gelirken, \u0130BB Ba\u015fkan\u0131 Ekrem \u0130mamo\u011flu ise &#8220;de\u011fi\u015fim&#8221; mesaj\u0131 vererek CHP Genel Ba\u015fkanl\u0131\u011f\u0131na g\u00f6z k\u0131rpt\u0131.<\/p>\n<p><b>D\u00dcN BA\u015eBA\u015eA G\u00d6R\u00dc\u015eT\u00dcLER<\/b><\/p>\n<p>\u0130ki isim aras\u0131nda ya\u015fanan gerilim dikkatle takip edilirken, d\u00fcn K\u0131l\u0131\u00e7daro\u011flu ve \u0130mamo\u011flu Ankara&#8217;da bir araya geldi. Yakla\u015f\u0131k 2 saat s\u00fcren g\u00f6r\u00fc\u015fmede \u0130mamo\u011flu, K\u0131l\u0131\u00e7daro\u011flu&#8217;na de\u011fi\u015fim talebinin gerek\u00e7elerini ve \u00f6nerilerini anlatt\u0131. K\u0131l\u0131\u00e7daro\u011flu&#8217;nun ise hem \u00fclke konjonkt\u00fcr\u00fc, hem de yaz aylar\u0131nda ya\u015fanacak kongre s\u00fcre\u00e7lerine i\u015faret ederek, &#8220;S\u00fcrece birlikte bakar\u0131z&#8221; yan\u0131t\u0131 verdi\u011fi \u00f6\u011frenildi. <\/p>\n<p><b>HAKKINDAK\u0130 DAVA D\u00dc\u015e\u00dcND\u00dcR\u00dcYOR<\/b><\/p>\n<p>\u00d6te yandan g\u00f6r\u00fc\u015fmede g\u00fcndem ba\u015fl\u0131klar\u0131ndan biri de \u0130mamo\u011flu hakk\u0131nda a\u00e7\u0131lan davalar ve siyasi yasak karar\u0131yla ilgili s\u00fcre\u00e7 oldu. \u0130mamo\u011flu&#8217;nun do\u011frudan kendi adayl\u0131\u011f\u0131n\u0131 g\u00fcndeme getirmedi\u011fi, ancak yeni bir ismin genel ba\u015fkanl\u0131\u011f\u0131nda se\u00e7ime gidilmesi \u00f6nerisinde bulundu\u011fu belirtiliyor.<\/p>\n<p><b>&#8220;ABDULLAH G\u00dcL&#8221; FORM\u00dcL\u00dc<\/b><\/p>\n<p>Gazeteci \u0130smail Saymaz da \u0130mamo\u011flu&#8217;nun farkl\u0131 senaryolar \u00fczerinde durdu\u011funu aktard\u0131. Buna g\u00f6re bir kadro hareketi planlan\u0131yor. Kadronun liderli\u011fini \u0130mamo\u011flu yaparken, CHP&#8217;nin genel ba\u015fkanl\u0131\u011f\u0131n\u0131 ba\u015fka isim \u00fcstlenebilir. Yaz\u0131da \u015fu ifadeler yer ald\u0131: &#8220;Bu senaryo AK Parti&#8217;nin kurulu\u015fundaki Erdo\u011fan-G\u00fcl form\u00fcl\u00fcn\u00fc and\u0131r\u0131yor. Ancak \u0130mamo\u011flu&#8217;nun G\u00fcl&#8217;\u00fc kim olacak, o belli de\u011fil. \u00d6zg\u00fcr \u00d6zel mi dediniz? Hi\u00e7 sanm\u0131yorum.&#8221;<\/p>\n<p><b>NE OLMU\u015eTU?<\/b><\/p>\n<p>Erdo\u011fan&#8217;\u0131n siyasi yasa\u011f\u0131 nedeniyle se\u00e7imlere girememesi sonras\u0131nda AK Parti&#8217;nin 2002 T\u00fcrkiye genel se\u00e7imlerini kazanmas\u0131yla Abdullah G\u00fcl ba\u015fbakan olmu\u015ftu. Siyasi yasa\u011f\u0131 kald\u0131r\u0131l\u0131nca Erdo\u011fan 2003 T\u00fcrkiye milletvekili ara se\u00e7imleri ile meclise girip ba\u015fbakan olarak 59. h\u00fck\u00fcmeti kurmu\u015ftu.<\/p>\n","protected":false},"excerpt":{"rendered":"<p>28 May\u0131s se\u00e7imindeki yenilginin ard\u0131ndan &#8220;de\u011fi\u015fim&#8221; mesaj\u0131 vererek CHP liderli\u011fine g\u00f6z k\u0131rpan Ekrem \u0130mamo\u011flu, hakk\u0131ndaki dava ve siyasi yasak istemi nedeniyle ba\u015fka bir form\u00fcl \u00fczerinde \u00e7al\u0131\u015f\u0131yor. Kulislerde konu\u015fulanlara g\u00f6re \u0130mamo\u011flu kurulacak kadronun lideri olacak, CHP genel ba\u015fkanl\u0131\u011f\u0131n\u0131 ise ba\u015fka bir isim \u00fcstlenecek. Bu durum, siyasi tarihimizde AK Parti&#8217;nin uygulad\u0131\u011f\u0131 &#8220;Erdo\u011fan-G\u00fcl&#8221; form\u00fcl\u00fc olarak biliniyor.<\/p>\n","protected":false},"author":1,"featured_media":0,"comment_status":"closed","ping_status":"open","sticky":false,"template":"","format":"standard","meta":{"footnotes":""},"categories":[28],"tags":[97,1496,320],"class_list":["post-98958","post","type-post","status-publish","format-standard","hentry","category-politika","tag-imamoglu","tag-kilicdaroglu","tag-secim"],"_links":{"self":[{"href":"https:\/\/haberulus.net\/index.php?rest_route=\/wp\/v2\/posts\/98958","targetHints":{"allow":["GET"]}}],"collection":[{"href":"https:\/\/haberulus.net\/index.php?rest_route=\/wp\/v2\/posts"}],"about":[{"href":"https:\/\/haberulus.net\/index.php?rest_route=\/wp\/v2\/types\/post"}],"author":[{"embeddable":true,"href":"https:\/\/haberulus.net\/index.php?rest_route=\/wp\/v2\/users\/1"}],"replies":[{"embeddable":true,"href":"https:\/\/haberulus.net\/index.php?rest_route=%2Fwp%2Fv2%2Fcomments&post=98958"}],"version-history":[{"count":1,"href":"https:\/\/haberulus.net\/index.php?rest_route=\/wp\/v2\/posts\/98958\/revisions"}],"predecessor-version":[{"id":98959,"href":"https:\/\/haberulus.net\/index.php?rest_route=\/wp\/v2\/posts\/98958\/revisions\/98959"}],"wp:attachment":[{"href":"https:\/\/haberulus.net\/index.php?rest_route=%2Fwp%2Fv2%2Fmedia&parent=98958"}],"wp:term":[{"taxonomy":"category","embeddable":true,"href":"https:\/\/haberulus.net\/index.php?rest_route=%2Fwp%2Fv2%2Fcategories&post=98958"},{"taxonomy":"post_tag","embeddable":true,"href":"https:\/\/haberulus.net\/index.php?rest_route=%2Fwp%2Fv2%2Ftags&post=98958"}],"curies":[{"name":"wp","href":"https:\/\/api.w.org\/{rel}","templated":true}]}}