{"id":99002,"date":"2023-06-15T09:51:05","date_gmt":"2023-06-15T09:51:05","guid":{"rendered":"https:\/\/haberulus.net\/?p=99002"},"modified":"2023-06-15T09:51:05","modified_gmt":"2023-06-15T09:51:05","slug":"fatihte-tarihi-cesmeyi-sari-kirmizi-renge-boyadilar","status":"publish","type":"post","link":"https:\/\/haberulus.net\/?p=99002","title":{"rendered":"Fatih\u2019te tarihi \u00e7e\u015fmeyi sar\u0131 k\u0131rm\u0131z\u0131 renge boyad\u0131lar"},"content":{"rendered":"<p>Unkapan\u0131 Mahallesi\u2019nde bulunan ve Tersane Emini Sadrazam Salih Pa\u015fa taraf\u0131ndan yapt\u0131r\u0131lan 200 y\u0131ll\u0131k Salih Pa\u015fa \u00c7e\u015fmesi\u2019nin bir b\u00f6l\u00fcm\u00fc Galatasaray taraftar\u0131 oldu\u011fu iddia edilen bir grup taraf\u0131ndan sar\u0131 k\u0131rm\u0131z\u0131 renge boyand\u0131.<\/p>\n<p>Sosyal medyadaki tepki \u00fczerine k\u0131rm\u0131z\u0131 rengin \u00fczeri \u00f6nce sar\u0131 ard\u0131ndan da beyaz boya ile kapat\u0131ld\u0131.<\/p>\n<p><img decoding=\"async\" src=\"https:\/\/i01.sozcucdn.com\/wp-content\/uploads\/2023\/06\/15\/c1.1_23202370.jpg\" alt=\"\" title=\"\"><\/p>\n<p>Tarihi Salih Pa\u015fa Camii\u2019nin 21 y\u0131ll\u0131k imam\u0131 Niyazi \u015eekerci, \u201cCamimiz tarihi bir camii, ayn\u0131 zamanda \u00e7e\u015fmesi de tarihi. Pazar g\u00fcn\u00fc fanatikler buraya boyama yapm\u0131\u015f. Kald\u0131r\u0131mlar\u0131 da boyam\u0131\u015flar. Tasvip etmiyoruz\u201d dedi.<\/p>\n<p>Y\u0131llard\u0131r \u00e7e\u015fmenin bulundu\u011fu sokakta ya\u015fad\u0131\u011f\u0131n\u0131 belirten Kamber H\u00fcseyin Ayd\u0131n, \u201c\u00c7e\u015fmemizden daha \u00f6nce Hamidiye suyu ard\u0131ndan Terkos suyu akard\u0131, \u015fimdi de iptal oldu. Galatasaray \u015fampiyon olduktan sonra buray\u0131 gen\u00e7ler boyam\u0131\u015f\u201d diye konu\u015ftu.<br \/><img decoding=\"async\" src=\"https:\/\/i01.sozcucdn.com\/wp-content\/uploads\/2023\/06\/15\/c3.1_23202256.jpg\" alt=\"\" title=\"\"><\/p>\n<p><strong>\u201cBU SEV\u0130MS\u0130Z OLAYLA G\u00dcNDEME GELD\u0130\u201d<\/strong><\/p>\n<p>Sanat tarih\u00e7isi Hayri Fehmi Y\u0131lmaz ise \u015funlar\u0131 s\u00f6yledi:<\/p>\n<p>\u201c\u00c7e\u015fme bu sevimsiz olayla g\u00fcndeme geldi. Maalesef bazen heyecanland\u0131\u011f\u0131m\u0131zda ne yapaca\u011f\u0131m\u0131z\u0131 \u015fa\u015f\u0131r\u0131yoruz. Yetkililer hemen gereken m\u00fcdahaleyi yap\u0131yor. K\u00fclt\u00fcr varl\u0131\u011f\u0131 hepimizin ortak miras\u0131, insanl\u0131\u011f\u0131n ortak miras\u0131. Heyecanlar\u0131m\u0131z\u0131 daha farkl\u0131 \u015fekilde, k\u00fclt\u00fcr varl\u0131klar\u0131na m\u00fcdahale etmeden yapmak laz\u0131m.\u201d<\/p>\n<p><img decoding=\"async\" src=\"https:\/\/i01.sozcucdn.com\/wp-content\/uploads\/2023\/06\/15\/c4.1_23202262.jpg\" alt=\"\" title=\"\"><\/p>\n<p>\u201cBu \u00e7e\u015fme klasik Osmanl\u0131 \u00fcsluplu bir mahalle \u00e7e\u015fmesi. O y\u00fczden Salih Pa\u015fa\u2019n\u0131n ismiyle an\u0131lmaya ba\u015flanm\u0131\u015f. Hatta arkadaki camii de bu \u00e7e\u015fmenin ismini alm\u0131\u015f semt de. Buras\u0131 tarihi dokusunu da iyi koruyabilmi\u015f \u0130stanbul sokaklar\u0131ndan biridir. Tabii bu \u00e7e\u015fme o tarih boyunca birka\u00e7 kez tamir edilmi\u015f ve o \u015fekilde g\u00fcn\u00fcm\u00fcze ula\u015fm\u0131\u015f. Maalesef zemin biraz y\u00fckseldi\u011fi i\u00e7in k\u0131smen eski yalak topra\u011fa g\u00f6m\u00fclm\u00fc\u015f, ayna ta\u015f\u0131 k\u0131r\u0131lm\u0131\u015f ama 20. y\u00fczy\u0131l\u0131n ba\u015flar\u0131nda, 1912-1913\u2019te yap\u0131lm\u0131\u015f tamir kitabesi h\u00e2l\u00e2 duruyor. Asl\u0131nda Salih Pa\u015fa\u2019n\u0131n \u00e7e\u015fmesini bir hay\u0131rsever, 20. y\u00fczy\u0131l\u0131n ba\u015flar\u0131nda tamir ettirmi\u015f Zeynep Han\u0131m isimli bir \u0130stanbullu. \u00c7e\u015fme bu \u015fekilde g\u00fcn\u00fcm\u00fcze kadar gelmi\u015f.\u201d<\/p>\n<p>Tepkilerin ard\u0131ndan \u00e7e\u015fmenin sar\u0131 k\u0131rm\u0131z\u0131ya boyanan b\u00f6l\u00fcm\u00fc \u00f6nce sar\u0131ya sonra ise beyaza boyand\u0131. Fatih Belediyesi\u2019nden ise a\u00e7\u0131klama yap\u0131lmad\u0131. (DHA)<\/p>\n","protected":false},"excerpt":{"rendered":"<p>\u0130stanbul Fatih&#8217;te 200 y\u0131ll\u0131k Salih Pa\u015fa \u00c7e\u015fmesi, Galatasaray&#8217;\u0131n \u015fampiyonlu\u011funun ard\u0131ndan sar\u0131 k\u0131rm\u0131z\u0131 renge boyand\u0131.<\/p>\n","protected":false},"author":1,"featured_media":99003,"comment_status":"closed","ping_status":"open","sticky":false,"template":"","format":"standard","meta":{"footnotes":""},"categories":[27],"tags":[5421,1893,113],"class_list":["post-99002","post","type-post","status-publish","format-standard","has-post-thumbnail","hentry","category-kultur-sanat","tag-boya","tag-cesme","tag-tarih"],"_links":{"self":[{"href":"https:\/\/haberulus.net\/index.php?rest_route=\/wp\/v2\/posts\/99002","targetHints":{"allow":["GET"]}}],"collection":[{"href":"https:\/\/haberulus.net\/index.php?rest_route=\/wp\/v2\/posts"}],"about":[{"href":"https:\/\/haberulus.net\/index.php?rest_route=\/wp\/v2\/types\/post"}],"author":[{"embeddable":true,"href":"https:\/\/haberulus.net\/index.php?rest_route=\/wp\/v2\/users\/1"}],"replies":[{"embeddable":true,"href":"https:\/\/haberulus.net\/index.php?rest_route=%2Fwp%2Fv2%2Fcomments&post=99002"}],"version-history":[{"count":1,"href":"https:\/\/haberulus.net\/index.php?rest_route=\/wp\/v2\/posts\/99002\/revisions"}],"predecessor-version":[{"id":99004,"href":"https:\/\/haberulus.net\/index.php?rest_route=\/wp\/v2\/posts\/99002\/revisions\/99004"}],"wp:featuredmedia":[{"embeddable":true,"href":"https:\/\/haberulus.net\/index.php?rest_route=\/wp\/v2\/media\/99003"}],"wp:attachment":[{"href":"https:\/\/haberulus.net\/index.php?rest_route=%2Fwp%2Fv2%2Fmedia&parent=99002"}],"wp:term":[{"taxonomy":"category","embeddable":true,"href":"https:\/\/haberulus.net\/index.php?rest_route=%2Fwp%2Fv2%2Fcategories&post=99002"},{"taxonomy":"post_tag","embeddable":true,"href":"https:\/\/haberulus.net\/index.php?rest_route=%2Fwp%2Fv2%2Ftags&post=99002"}],"curies":[{"name":"wp","href":"https:\/\/api.w.org\/{rel}","templated":true}]}}