{"id":99056,"date":"2023-06-15T11:05:34","date_gmt":"2023-06-15T11:05:34","guid":{"rendered":"https:\/\/haberulus.net\/?p=99056"},"modified":"2023-06-15T11:05:34","modified_gmt":"2023-06-15T11:05:34","slug":"mhp-lideri-bahcelinin-cumhuriyetin-100-yilinda-100-il-mesaji-ak-parti-mykda-ele-alindi","status":"publish","type":"post","link":"https:\/\/haberulus.net\/?p=99056","title":{"rendered":"MHP lideri Bah\u00e7eli&#8217;nin &#8220;Cumhuriyet&#8217;in 100. y\u0131l\u0131nda 100 il&#8221; mesaj\u0131 AK Parti MYK&#8217;da ele al\u0131nd\u0131"},"content":{"rendered":"<p>MHP Genel Ba\u015fkan\u0131 Devlet Bah\u00e7eli&#8217;nin. Cumhuriyetin 100. y\u0131l\u0131 olmas\u0131 dolay\u0131s\u0131yla &#8220;100 il, bin il\u00e7e&#8221; a\u00e7\u0131klamas\u0131n\u0131 yapmas\u0131 AK Parti taraf\u0131ndan anlaml\u0131 bulundu. O tarihlerde konuya ili\u015fkin bir \u00e7al\u0131\u015fma ger\u00e7ekle\u015ftiren AK Parti, &#8216;Yerel Y\u00f6netimler Yasas\u0131&#8217;n\u0131 ele al\u0131rken &#8216;100 il, bin il\u00e7e&#8217; konusu \u00fczerinde de mesai harcad\u0131. <\/p>\n<p><b>SE\u00c7\u0130M SONRASINA BIRAKILMI\u015eTI<\/b><\/p>\n<p> <strong>Se\u00e7im<\/strong> yo\u011funlu\u011fu nedeniyle konuya ili\u015fkin bir olgunla\u015fma ger\u00e7ekle\u015femedi. S\u00fcre\u00e7, il ve il\u00e7e olmak isteyen \u015fehirlerin beklentilerini bo\u015fa \u00e7\u0131karmadan k\u00fcsk\u00fcnl\u00fck olu\u015fturmamak i\u00e7in  <strong>se\u00e7im<\/strong> sonras\u0131na b\u0131rak\u0131ld\u0131.<\/p>\n<p><b>AK PART\u0130 MYK&#8217;DA G\u00d6R\u00dc\u015e\u00dcLD\u00dc<\/b><\/p>\n<p>AK Parti Merkez Y\u00fcr\u00fctme Kurulu&#8217;nda (MYK) &#8216;100 il, bin il\u00e7e&#8217; konusu g\u00fcndeme getirildi ve birtak\u0131m \u00e7al\u0131\u015fmalar yap\u0131larak d\u00fczenleme i\u00e7in kriterlerin belirlenmesi konusunda faaliyet g\u00f6sterilmesi konu\u015fuldu. Yeni il ve il\u00e7e konusunda kriterlerin belirlenmesinin siyasiler \u00fczerindeki bask\u0131y\u0131 azalt\u0131laca\u011f\u0131 da d\u00fc\u015f\u00fcn\u00fcld\u00fc.<\/p>\n<p><b>YEREL SE\u00c7\u0130MLER SONRASINA ERTELENEB\u0130L\u0130R<\/b><\/p>\n<p>Bah\u00e7eli ile Cumhurba\u015fkan\u0131 Recep Tayyip Erdo\u011fan&#8217;\u0131n ikili g\u00f6r\u00fc\u015fmelerde 100 il, bin il\u00e7e hususunu g\u00fcndeme almas\u0131 dahilinde Cumhur \u0130ttifak\u0131&#8217;n\u0131n konuyu masaya yat\u0131r\u0131labilece\u011fi de\u011ferlendirmesi yap\u0131lan MYK&#8217;da, il ve il\u00e7e olmak isteyen b\u00f6lgelerin k\u00fcst\u00fcr\u00fclmemesi ad\u0131na s\u00fcrecin planlanmas\u0131n\u0131n mahalli idareler se\u00e7imleri sonras\u0131na b\u0131rak\u0131lmas\u0131n\u0131n daha uygun olabilece\u011fi konu\u015fulanlar aras\u0131nda.<\/p>\n<div>Kaynak: \u0130hlas Haber Ajans\u0131 \/  G\u00fcncel <\/div>\n","protected":false},"excerpt":{"rendered":"<p>MHP Genel Ba\u015fkan\u0131 Devlet Bah\u00e7eli&#8217;nin partisinin grup toplant\u0131s\u0131nda yapt\u0131\u011f\u0131 &#8220;100 il, bin il\u00e7e&#8221; mesaj\u0131, AK Parti Merkez Y\u00fcr\u00fctme Kurulu&#8217;nda (MYK) da ele al\u0131nd\u0131. D\u00fczenleme i\u00e7in kriterlerin belirlenmesi konusunda \u00e7al\u0131\u015fma yap\u0131lmas\u0131 ancak il ve il\u00e7e olmak isteyen b\u00f6lgelerin k\u00fcst\u00fcr\u00fclmemesi ad\u0131na s\u00fcre\u00e7 planlamas\u0131n\u0131n yerel se\u00e7imlerden sonraya b\u0131rak\u0131lmas\u0131n\u0131n daha uygun olaca\u011f\u0131 konu\u015fuluyor.<\/p>\n","protected":false},"author":1,"featured_media":0,"comment_status":"closed","ping_status":"open","sticky":false,"template":"","format":"standard","meta":{"footnotes":""},"categories":[28],"tags":[6890,320],"class_list":["post-99056","post","type-post","status-publish","format-standard","hentry","category-politika","tag-6890","tag-secim"],"_links":{"self":[{"href":"https:\/\/haberulus.net\/index.php?rest_route=\/wp\/v2\/posts\/99056","targetHints":{"allow":["GET"]}}],"collection":[{"href":"https:\/\/haberulus.net\/index.php?rest_route=\/wp\/v2\/posts"}],"about":[{"href":"https:\/\/haberulus.net\/index.php?rest_route=\/wp\/v2\/types\/post"}],"author":[{"embeddable":true,"href":"https:\/\/haberulus.net\/index.php?rest_route=\/wp\/v2\/users\/1"}],"replies":[{"embeddable":true,"href":"https:\/\/haberulus.net\/index.php?rest_route=%2Fwp%2Fv2%2Fcomments&post=99056"}],"version-history":[{"count":1,"href":"https:\/\/haberulus.net\/index.php?rest_route=\/wp\/v2\/posts\/99056\/revisions"}],"predecessor-version":[{"id":99057,"href":"https:\/\/haberulus.net\/index.php?rest_route=\/wp\/v2\/posts\/99056\/revisions\/99057"}],"wp:attachment":[{"href":"https:\/\/haberulus.net\/index.php?rest_route=%2Fwp%2Fv2%2Fmedia&parent=99056"}],"wp:term":[{"taxonomy":"category","embeddable":true,"href":"https:\/\/haberulus.net\/index.php?rest_route=%2Fwp%2Fv2%2Fcategories&post=99056"},{"taxonomy":"post_tag","embeddable":true,"href":"https:\/\/haberulus.net\/index.php?rest_route=%2Fwp%2Fv2%2Ftags&post=99056"}],"curies":[{"name":"wp","href":"https:\/\/api.w.org\/{rel}","templated":true}]}}