{"id":99314,"date":"2023-06-15T16:35:05","date_gmt":"2023-06-15T16:35:05","guid":{"rendered":"https:\/\/haberulus.net\/?p=99314"},"modified":"2023-06-15T16:35:05","modified_gmt":"2023-06-15T16:35:05","slug":"bidendan-trump-davasiyla-ilgili-konusmayin-talimati","status":"publish","type":"post","link":"https:\/\/haberulus.net\/?p=99314","title":{"rendered":"Biden\u2019dan \u201cTrump davas\u0131yla ilgili konu\u015fmay\u0131n\u201d talimat\u0131"},"content":{"rendered":"<p>Politico\u2019nun haberine g\u00f6re, Biden ve \u00fcst d\u00fczey yard\u0131mc\u0131lar\u0131, Demokratik Ulusal Komite (DNC) ve 2024 ba\u015fkanl\u0131k se\u00e7imleri kampanyas\u0131yla ilgilenen ekibine, Trump\u2019\u0131n \u201cdevlete ait gizli belgeleri saklad\u0131\u011f\u0131\u201d su\u00e7lamas\u0131yla yarg\u0131land\u0131\u011f\u0131 davayla ilgili \u201cyorum yapmamalar\u0131\u201d y\u00f6n\u00fcnde talimat verdi.<\/p>\n<p>Baz\u0131 Demokratlar, Trump hakk\u0131ndaki su\u00e7lamalara sessiz kalmas\u0131n\u0131n 2024 ba\u015fkanl\u0131k se\u00e7imlerine resmen aday olan Biden\u2019\u0131, rakibine kar\u015f\u0131 \u00f6nemli siyasi bir hamle yapma \u015fans\u0131ndan mahrum b\u0131rakaca\u011f\u0131 g\u00f6r\u00fc\u015f\u00fcn\u00fc savunuyor.<\/p>\n<p>Bu nedenle Biden ve ekibinin, se\u00e7imlerin yap\u0131laca\u011f\u0131 gelecek y\u0131l Trump hakk\u0131ndaki su\u00e7lamalarla ilgili geli\u015fmelere g\u00f6re bu karar\u0131 yeniden g\u00f6zden ge\u00e7irmeleri ihtimalinin oldu\u011fu s\u00f6yleniyor.<\/p>\n<p><strong>TRUMP UZLA\u015eMAYI REDDETT\u0130<\/strong><\/p>\n<p>Washington Post&#8217;un \u00fc\u00e7 kayna\u011fa dayand\u0131rd\u0131\u011f\u0131 habere g\u00f6re, Trump&#8217;\u0131n avukat\u0131 Christopher Kise, ge\u00e7en yaz, gizli belgeler soru\u015fturmas\u0131 konusunda Trump\u2019a Adalet Bakanl\u0131\u011f\u0131 ile uzla\u015fma \u00f6nerdi.<\/p>\n<p>Kise, elindeki t\u00fcm belgelerin geri verilmesi s\u00f6z\u00fcne kar\u015f\u0131l\u0131k soru\u015fturmadan vazge\u00e7ilmesi i\u00e7in Adalet Bakanl\u0131\u011f\u0131 ile uzla\u015f\u0131labilece\u011fini ve b\u00f6ylece taraflar aras\u0131ndaki \u201chararetin d\u00fc\u015f\u00fcr\u00fclebilece\u011fini\u201d Trump\u2019a s\u00f6yledi ancak Trump, Kise&#8217;\u0131n bu \u00f6nerisini, di\u011fer avukatlar\u0131n\u0131n soru\u015fturmaya kar\u015f\u0131 \u201cdaha kavgac\u0131 bir tutum\u201d al\u0131nmas\u0131 tavsiyesini dikkate alarak reddetti.<\/p>\n<p>Kise&#8217;nin, Trump&#8217;a s\u00f6z konusu uzla\u015fma \u00f6nerisini birka\u00e7 kez daha g\u00f6t\u00fcrd\u00fc\u011f\u00fc ancak Trump&#8217;\u0131n karar\u0131n\u0131 de\u011fi\u015ftirmemesi \u00fczerine Adalet Bakanl\u0131\u011f\u0131 ile uzla\u015fma giri\u015fiminden vazge\u00e7ti\u011fi kaydedildi.<\/p>\n<p>Eski Florida Ba\u015fsavc\u0131s\u0131 olan Kise&#8217;ye, ge\u00e7en y\u0131l Trump\u2019\u0131n ekibine kat\u0131lmas\u0131 i\u00e7in 3 milyon dolar \u00f6denmi\u015fti.<\/p>\n<p><strong>G\u0130ZL\u0130 BELGELER SORU\u015eTURMASI OLAYI<\/strong><\/p>\n<p>Trump&#8217;\u0131n Florida\u2019daki evi, 8 A\u011fustos 2022 sabah\u0131nda \u201cgizli belgeler\u201d soru\u015fturmas\u0131 kapsam\u0131nda bas\u0131larak i\u00e7eriden yakla\u015f\u0131k 15 kutu belgeye el konulmu\u015ftu.<\/p>\n<p>Trump, bask\u0131n\u0131 ve hakk\u0131nda devam eden soru\u015fturmalar\u0131 \u201csiyasi\u201d olarak nitelemi\u015f, \u00f6zellikle Mar-a-Lago\u2019dan al\u0131nan belgelerin \u201cba\u011f\u0131ms\u0131z bir hakem veya \u00f6zel bir hakim\u201d taraf\u0131ndan incelenmesi talebinde bulunmu\u015ftu.<\/p>\n<p>Bunun \u00fczerine Adalet Bakanl\u0131\u011f\u0131, \u201cGizli belgeler\u201d ve \u201c6 Ocak Kongre bask\u0131n\u0131\u201d soru\u015fturmalar\u0131na ba\u015fkanl\u0131k etmek \u00fczere \u00f6zel yetkili uzman olarak eski Ba\u015fsavc\u0131 Jack Smith&#8217;i atam\u0131\u015ft\u0131.<\/p>\n<p>Soru\u015fturma sonucunda haz\u0131rlanan 49 sayfal\u0131k iddianamede, Trump, Beyaz Saray&#8217;daki g\u00f6revinden ayr\u0131l\u0131rken gizli belgeleri yan\u0131nda g\u00f6t\u00fcrmek ve bununla ilgili federal incelemeleri engellemekle su\u00e7lanm\u0131\u015ft\u0131.<\/p>\n<p>Trump, \u00f6nceki g\u00fcn Florida&#8217;daki federal mahkemede hakim kar\u015f\u0131s\u0131na \u00e7\u0131karak gizli belgeler konusunda hakk\u0131ndaki 37 ayr\u0131 su\u00e7lamay\u0131 reddetmi\u015fti.<\/p>\n<p>Trump ayr\u0131ca, 13 Haziran\u2019da \u201cgizli belgelerle\u201d ilgili hakk\u0131nda a\u00e7\u0131lan dava kapsam\u0131nda Miami\u2019deki bir federal mahkemede hakim kar\u015f\u0131s\u0131na \u00e7\u0131km\u0131\u015f, devlete ait gizli belgeleri saklad\u0131\u011f\u0131na y\u00f6nelik su\u00e7lamalar\u0131 reddetmi\u015fti.<\/p>\n<p>Ba\u015fkan Biden ve Beyaz Saray ekibi, Trump\u2019a y\u00f6neltilen su\u00e7lamalarla ilgili devam eden bir davaya ili\u015fkin yorum yapmayacaklar\u0131n\u0131 a\u00e7\u0131klam\u0131\u015ft\u0131.<\/p>\n<p>O\u011flu Hunter Biden\u2019\u0131n Adalet Bakanl\u0131\u011f\u0131 taraf\u0131ndan y\u00fcr\u00fct\u00fclen soru\u015fturma kapsam\u0131nda, vergi su\u00e7lar\u0131n\u0131n yan\u0131 s\u0131ra bir silah al\u0131m\u0131 s\u0131ras\u0131nda yanl\u0131\u015f beyanda bulunmaktan su\u00e7lanma ihtimali nedeniyle Ba\u015fkan Biden\u2019\u0131n devam eden davalarla ilgili \u00f6zel bir hassasiyet g\u00f6sterdi\u011fi ifade ediliyor. (AA)<\/p>\n","protected":false},"excerpt":{"rendered":"<p>ABD Ba\u015fkan\u0131 Joe Biden&#8217;\u0131n Demokratlar ve kampanya ekibine, Eski ABD Ba\u015fkan\u0131 Donald Trump&#8217;\u0131n &#8220;devlete ait gizli belgeleri saklad\u0131\u011f\u0131&#8221; su\u00e7lamas\u0131yla yarg\u0131land\u0131\u011f\u0131 davayla ilgili &#8220;sessiz kalmalar\u0131&#8221; talimat\u0131n\u0131 verdi\u011fi \u00f6ne s\u00fcr\u00fcld\u00fc.<\/p>\n","protected":false},"author":1,"featured_media":99315,"comment_status":"closed","ping_status":"open","sticky":false,"template":"","format":"standard","meta":{"footnotes":""},"categories":[24],"tags":[443,261,12268,677,2471],"class_list":["post-99314","post","type-post","status-publish","format-standard","has-post-thumbnail","hentry","category-dunya","tag-baskan","tag-biden","tag-gizli-belgeler","tag-sorusturma","tag-trump"],"_links":{"self":[{"href":"https:\/\/haberulus.net\/index.php?rest_route=\/wp\/v2\/posts\/99314","targetHints":{"allow":["GET"]}}],"collection":[{"href":"https:\/\/haberulus.net\/index.php?rest_route=\/wp\/v2\/posts"}],"about":[{"href":"https:\/\/haberulus.net\/index.php?rest_route=\/wp\/v2\/types\/post"}],"author":[{"embeddable":true,"href":"https:\/\/haberulus.net\/index.php?rest_route=\/wp\/v2\/users\/1"}],"replies":[{"embeddable":true,"href":"https:\/\/haberulus.net\/index.php?rest_route=%2Fwp%2Fv2%2Fcomments&post=99314"}],"version-history":[{"count":1,"href":"https:\/\/haberulus.net\/index.php?rest_route=\/wp\/v2\/posts\/99314\/revisions"}],"predecessor-version":[{"id":99316,"href":"https:\/\/haberulus.net\/index.php?rest_route=\/wp\/v2\/posts\/99314\/revisions\/99316"}],"wp:featuredmedia":[{"embeddable":true,"href":"https:\/\/haberulus.net\/index.php?rest_route=\/wp\/v2\/media\/99315"}],"wp:attachment":[{"href":"https:\/\/haberulus.net\/index.php?rest_route=%2Fwp%2Fv2%2Fmedia&parent=99314"}],"wp:term":[{"taxonomy":"category","embeddable":true,"href":"https:\/\/haberulus.net\/index.php?rest_route=%2Fwp%2Fv2%2Fcategories&post=99314"},{"taxonomy":"post_tag","embeddable":true,"href":"https:\/\/haberulus.net\/index.php?rest_route=%2Fwp%2Fv2%2Ftags&post=99314"}],"curies":[{"name":"wp","href":"https:\/\/api.w.org\/{rel}","templated":true}]}}