{"id":99317,"date":"2023-06-15T16:35:05","date_gmt":"2023-06-15T16:35:05","guid":{"rendered":"https:\/\/haberulus.net\/?p=99317"},"modified":"2023-06-15T16:35:05","modified_gmt":"2023-06-15T16:35:05","slug":"mecnun-otyakmaz-sivassporda-baskanligina-tekrar-aday-oldugunu-acikladi","status":"publish","type":"post","link":"https:\/\/haberulus.net\/?p=99317","title":{"rendered":"Mecnun Otyakmaz, Sivasspor\u2019da ba\u015fkanl\u0131\u011f\u0131na tekrar aday oldu\u011funu a\u00e7\u0131klad\u0131"},"content":{"rendered":"<p>Spor Toto S\u00fcper Lig ekiplerinden Demir Grup Sivasspor\u2019da kul\u00fcp ba\u015fkan\u0131 Mecnun Otyakmaz, 17 Haziran Cumartesi g\u00fcn\u00fc yap\u0131lacak ola\u011fan genel kurulda ba\u015fkanl\u0131\u011fa yeniden aday oldu\u011funu a\u00e7\u0131klad\u0131.<\/p>\n<p>Otyakmaz, Sivas 4 Eyl\u00fcl Stadyumu&#8217;nda d\u00fczenledi\u011fi bas\u0131n toplant\u0131s\u0131nda, 2001 y\u0131l\u0131nda y\u00f6netici olarak g\u00f6reve ba\u015flad\u0131\u011f\u0131 Sivasspor\u2019da 2004 y\u0131l\u0131nda ba\u015fkanl\u0131\u011fa se\u00e7ildi\u011fini an\u0131msatt\u0131.<\/p>\n<p>G\u00f6reve geldi\u011fi sezon, k\u0131rm\u0131z\u0131-beyazl\u0131 kul\u00fcb\u00fc S\u00fcper Lig\u2019e \u00e7\u0131kartt\u0131klar\u0131n\u0131 hat\u0131rlatan Otyakmaz, g\u00f6rev s\u00fcrecinde Sivasspor\u2019a ya\u015fatt\u0131\u011f\u0131 ba\u015far\u0131lar hakk\u0131nda bilgi verdi.<\/p>\n<p>K\u0131rm\u0131z\u0131-beyazl\u0131 tak\u0131ma teknik direkt\u00f6r Roberto Carlos ba\u015fta olmak \u00fczere d\u00fcnyaca \u00fcnl\u00fc y\u0131ld\u0131zlar\u0131 transfer ettiklerini hat\u0131rlatan Otyakmaz, \u201cBug\u00fcn itibar\u0131yla tekrar aday oldu\u011fumu a\u00e7\u0131klamak i\u00e7in toplanm\u0131\u015f olduk. Yeni bir y\u00f6netimle \u00f6n\u00fcm\u00fczdeki d\u00f6nemde tekrar aday oldu\u011fumu s\u00f6ylemek istiyorum.\u201d dedi.<\/p>\n<p><b>\u201cSON KEZ G\u00d6REVE DEVAM ETME KARARI ALDIM\u201d<\/b><\/p>\n<p>Daha \u00f6nce yapt\u0131\u011f\u0131 bir a\u00e7\u0131klaman\u0131n yanl\u0131\u015f anla\u015f\u0131ld\u0131\u011f\u0131n\u0131 aktaran Otyakmaz, \u015funlar\u0131 kaydetti:<\/p>\n<p>\u201cBurada bir yanl\u0131\u015f anla\u015f\u0131lma var, son bas\u0131n a\u00e7\u0131klamamda \u015f\u00f6yle bir ifade kullanm\u0131\u015ft\u0131m, \u015fu an i\u00e7in aday olmad\u0131\u011f\u0131m\u0131, ortaya \u00e7\u0131kacak adaylar\u0131 g\u00f6rerek, onlar\u0131n projelerine bakarak destekleyece\u011fimi s\u00f6ylemi\u015ftim. Oradaki \u015fu an i\u00e7in kelimesi san\u0131yorum biraz dikkatlerden ka\u00e7t\u0131. Kesin ve net \u015fekilde b\u0131rakaca\u011f\u0131m\u0131 s\u00f6yledi\u011fim d\u00fc\u015f\u00fcn\u00fcld\u00fc. A\u011fz\u0131mdan \u00f6yle bir \u015fey \u00e7\u0131kt\u0131\u011f\u0131 zaman onun her t\u00fcrl\u00fc arkas\u0131nda dururum. O an i\u00e7in uygun de\u011fildi, o an i\u00e7in d\u00fc\u015f\u00fcnm\u00fcyordum ama \u00e7ok istekli gen\u00e7 bir jenerasyonun Sivasspor camias\u0131n\u0131n i\u00e7erisinde oldu\u011funu g\u00f6r\u00fcnce ve \u015fehrimizin ileri gelenlerinin, b\u00fcy\u00fcklerin de bask\u0131s\u0131yla bu onurlu g\u00f6revi bir d\u00f6nem daha, ama kesinlikle bu sefer son kez olmak \u00fczere devam ettirme karar\u0131 ald\u0131m. Yeni g\u00fc\u00e7l\u00fc vizyoner bir y\u00f6netimle in\u015fallah \u00f6n\u00fcm\u00fczdeki 3 sene Sivassporumuzu en iyi \u015fekilde temsil edip yeni ba\u015far\u0131lara imza atmak i\u00e7in elimizden gelen her t\u00fcrl\u00fc m\u00fccadeleyi g\u00f6sterece\u011fimizi \u015fimdiden s\u00f6ylemek istiyorum. \u0130n\u015fallah bizim i\u00e7in ve Sivasspor i\u00e7in hay\u0131rl\u0131 bir s\u00fcre\u00e7 olur diye d\u00fc\u015f\u00fcn\u00fcyorum.\u201d<\/p>\n<div><img decoding=\"async\" src=\"https:\/\/i01.sozcucdn.com\/wp-content\/uploads\/2023\/06\/15\/mecnun-otyakmaz-1.jpg\" alt=\"\" title=\"\"><\/p>\n<p>Foto\u011fraf: AA<\/p>\n<\/div>\n<p>Eski y\u00f6netimden ba\u015fkan vekili Erdal Sar\u0131lar, asba\u015fkanlar Mehmet Oflaz, \u00d6mer Sepet ba\u015fta olmak \u00fczere baz\u0131 y\u00f6neticilerin ya\u015fanan s\u00fcre\u00e7te yeni y\u00f6netimde yer almak istemediklerini anlatan Otyakmaz, \u201cHer ne kadar camiam\u0131z taraf\u0131ndan \u00e7ok b\u00fcy\u00fck ele\u015ftiriler olmamas\u0131na ra\u011fmen \u00f6zellikle bir grup taraf\u0131ndan maalesef \u00e7ok y\u0131prat\u0131ld\u0131lar ve \u00f6n\u00fcm\u00fczdeki d\u00f6nem g\u00f6rev almama y\u00f6n\u00fcnde benden ricada bulundular. Onlar\u0131 \u00e7ok fazla zora sokmamak i\u00e7in daha gen\u00e7 yeni bir y\u00f6netimle yola devam etmeye karar verdim.\u201d \u015feklinde konu\u015ftu.<\/p>\n<p>Otyakmaz, eski y\u00f6netimde yer alanlara emeklerinden dolay\u0131 te\u015fekk\u00fcr etti.<\/p>\n<p><b>\u201cRIZA HOCAYA TEKL\u0130F YAPACA\u011eIZ\u201d<\/b><\/p>\n<p>Teknik direkt\u00f6r R\u0131za \u00c7al\u0131mbay&#8217;\u0131n g\u00f6revi b\u0131rakt\u0131\u011f\u0131n\u0131 ve yeni teknik direkt\u00f6r aray\u0131\u015flar\u0131 konusundaki bir soru \u00fczerine Otyakmaz, \u201cYeni y\u00f6netimi olu\u015fturduktan sonra ilk \u00f6nce hoca meselesine, daha sonra transferlere yo\u011funla\u015faca\u011f\u0131z. Dolay\u0131s\u0131yla ilk olarak arkada\u015flar\u0131m\u0131z se\u00e7ildikten sonra toplant\u0131da bu sorular\u0131n cevaplar\u0131 yava\u015f yava\u015f ortaya \u00e7\u0131kacakt\u0131r diye d\u00fc\u015f\u00fcn\u00fcyorum.\u201d dedi.<\/p>\n<p>Teknik direkt\u00f6r R\u0131za \u00c7al\u0131mbay ile 4 y\u0131ld\u0131r bir birliktelik ya\u015fad\u0131klar\u0131n\u0131 hat\u0131rlatan Otyakmaz, \u015f\u00f6yle devam etti:<\/p>\n<p>\u201c\u0130lk \u00f6nce kendisiyle g\u00f6r\u00fc\u015f\u00fcp d\u00fc\u015f\u00fcncelerimizi s\u00f6yleyece\u011fiz ama ger\u00e7ekten \u00e7ok zor bir s\u00fcre\u00e7 var. Maalesef y\u0131llard\u0131r bor\u00e7suz olarak g\u00f6t\u00fcrd\u00fc\u011f\u00fcm\u00fcz kul\u00fcb\u00fcm\u00fcz\u00fc bu sene bor\u00e7la kapat\u0131yoruz. \u00d6nemli bir miktar bor\u00e7la kapat\u0131yoruz. Dolay\u0131s\u0131yla biraz daha tasarruflu bir tak\u0131m olu\u015fturmak istiyoruz. Elimizdeki \u015fartlar\u0131 ortaya koyup R\u0131za hocam\u0131za tekrar bir teklif yapaca\u011f\u0131z ama anlad\u0131\u011f\u0131m kadar\u0131yla hocam\u0131z hedefleri olan, daha geni\u015f b\u00fct\u00e7eli bir tak\u0131mda hocal\u0131k yapmay\u0131 arzu ediyor. \u00c7\u00fcnk\u00fc son d\u00f6nemlerde ger\u00e7ekten ekonomik sorunlar\u0131 \u00e7\u00f6zerken b\u00fcy\u00fck zorluklar ya\u015fad\u0131k. O da b\u00fcy\u00fck zorluklar ya\u015fad\u0131. Baz\u0131 konularda ters d\u00fc\u015ft\u00fck. 4 y\u0131ll\u0131k da bir beraberlik var, biraz da T\u00fcrk futbolunda S\u00fcper Lig\u2019de 4 y\u0131l kalan do\u011fru d\u00fczg\u00fcn bir hoca yok. Hocam\u0131z\u0131n kariyerinin 3\u2019te 1\u2019inin Sivas\u2019ta ge\u00e7ti\u011fini s\u00f6yleyebilirim. Toplam 6,5-7 y\u0131l bizimle beraber oldu, belki ayr\u0131l\u0131kta ferahl\u0131k da vard\u0131r. Onu da ayr\u0131ca yeni y\u00f6netimle beraber yorumlayaca\u011f\u0131z, kendisiyle de g\u00f6r\u00fc\u015f al\u0131\u015fveri\u015finde bulunaca\u011f\u0131z. Eski y\u00f6netici arkada\u015flarla bir yemek yiyece\u011fiz. Hocam\u0131z\u0131 da davet ettik, in\u015fallah tekrar g\u00f6r\u00fc\u015fme f\u0131rsat\u0131 buluruz.\u201d<\/p>\n<p>Otyakmaz, transfer \u00e7al\u0131\u015fmalar\u0131na da yeni y\u00f6netimle toplant\u0131 yapt\u0131ktan sonra ba\u015flayacaklar\u0131n\u0131 ifade ederek, \u201cYa\u015fl\u0131 bir tak\u0131md\u0131k, Avrupa\u2019n\u0131n en ya\u015fl\u0131 tak\u0131m\u0131yd\u0131k ama bu tak\u0131m son 3 y\u0131lda bizi Avrupa\u2019ya ta\u015f\u0131y\u0131p kupay\u0131 alan bir tak\u0131m. Dolay\u0131s\u0131yla takdire \u015fayan bir tak\u0131m. R\u0131za hocam\u0131zla tekrar anla\u015f\u0131rsak biraz daha gen\u00e7leri yeti\u015ftirici bir proje ile devam etmemiz gerekti\u011fini s\u00f6yleyece\u011fiz. Ba\u015fka bir hoca ile devam edersek de \u00f6zellikle gen\u00e7lerin yeti\u015ftirilmesi konusunu birinci hedef olarak ortaya koymas\u0131n\u0131 isteyece\u011fiz.\u201d diye konu\u015ftu.<\/p>\n<p><b>\u201c110 M\u0130LYON L\u0130RA BORCUMUZ VAR\u201d<\/b><\/p>\n<p>Yeni sezonda hedeflerinin daha kaliteli bir tak\u0131m olu\u015fturmak oldu\u011funu vurgulayan Otyakmaz, \u201c\u0130lk etapta g\u00f6revimiz, kalan bor\u00e7lar\u0131m\u0131z\u0131 \u00f6deyip, \u00f6n\u00fcm\u00fczdeki senenin tak\u0131m\u0131n\u0131 elimizdeki b\u00fct\u00e7eye g\u00f6re olu\u015fturmak. \u015eu an \u00e7ok b\u00fcy\u00fck transferler s\u00f6z vermem m\u00fcmk\u00fcn de\u011fil. Ama yeni ve dinamik bir y\u00f6netim var. Sivasspor\u2019a ekonomik katk\u0131da bulunacak bir y\u00f6netim var. Onunla elde etti\u011fimiz gelirlerle daha iyi bir tak\u0131m yapma s\u00f6z\u00fcn\u00fc \u015fimdiden verebilirim. Ba\u015fta biraz deste\u011fe ihtiyac\u0131m\u0131z olaca\u011f\u0131n\u0131 d\u00fc\u015f\u00fcn\u00fcyorum.\u201d \u015feklinde konu\u015ftu.<\/p>\n<p>S\u00fcper Lig tak\u0131mlar\u0131n\u0131n bir\u00e7o\u011funun y\u00fcksek oranlarda borcu oldu\u011funu belirten Otyakmaz, \u201cBizim tam muhasebele\u015ftirmemi\u015f olmam\u0131zla birlikte genel kurulda son hali ortaya \u00e7\u0131kacak. Yakla\u015f\u0131k 100 milyon lira borcumuz vard\u0131 ama son g\u00fcnlerdeki kurdaki art\u0131\u015f nedeniyle 110 milyon liran\u0131n \u00fczerine \u00e7\u0131km\u0131\u015f bir borcumuz s\u00f6z konusu. Bu s\u00fcrd\u00fcr\u00fclebilir bir bor\u00e7 ama ancak destekle halledilebilecek bir bor\u00e7. \u0130n\u015fallah yeni y\u00f6netimimizle birlikte bu sorumlulu\u011fun alt\u0131ndan kalkaca\u011f\u0131z ama i\u015fimizin hi\u00e7 kolay olmad\u0131\u011f\u0131n\u0131 tekrar s\u00f6ylemek istiyorum. Kurdaki art\u0131\u015f, vergiler ve yay\u0131n gelirindeki d\u00fc\u015f\u00fc\u015f, iddia gelirinde y\u0131llard\u0131r \u00f6nemli bir art\u0131\u015f\u0131n olmamas\u0131, bunlar bizi zorlayacak \u00f6n\u00fcm\u00fczdeki engeller.\u201d ifadelerini kulland\u0131.<\/p>\n<p><b>ALEX DE SOUZA \u0130DD\u0130ASI VE TEKN\u0130K D\u0130REKT\u00d6R ADAYLARI<\/b><\/p>\n<p>Otyakmaz, bir gazetecinin Alex de Souza\u2019ya teknik direkt\u00f6rl\u00fck teklifinde bulunup bulunmayacaklar\u0131n\u0131 sormas\u0131 \u00fczerine, \u201cTeknik direkt\u00f6rl\u00fck konusunda b\u00fct\u00fcn alternatifleri d\u00fc\u015f\u00fcn\u00fcyoruz ama \u015fu anda resmi bir y\u00f6netim s\u00f6z konusu de\u011fil. \u0130lk toplant\u0131m\u0131z\u0131 yapt\u0131ktan sonra sizlerle bu adaylar\u0131 payla\u015faca\u011f\u0131z. \u00d6ncelikle R\u0131za hocam\u0131z\u0131 davet etmi\u015ftim, onunla bir yemek yiyece\u011fiz, konu\u015faca\u011f\u0131z. Sonra genel kurul olacak, yeni y\u00f6netimle yapaca\u011f\u0131m\u0131z ilk toplant\u0131n\u0131n ilk maddesi hoca tespiti olacak.\u201d de\u011ferlendirmesinde bulundu. (AA)<\/p>\n","protected":false},"excerpt":{"rendered":"<p>Sivasspor&#8217;da b\u00fcy\u00fck s\u00fcrpriz. Mecnun Otyakmaz yeniden ba\u015fkanl\u0131\u011fa adayl\u0131\u011f\u0131n\u0131 a\u00e7\u0131klad\u0131. Otyakmaz, yeni teknik direkt\u00f6r g\u00f6r\u00fc\u015fmelerine dair \u00f6nemli a\u00e7\u0131klamalar da yapt\u0131.<\/p>\n","protected":false},"author":1,"featured_media":99318,"comment_status":"closed","ping_status":"open","sticky":false,"template":"","format":"standard","meta":{"footnotes":""},"categories":[31],"tags":[267,1621,7635,108,636],"class_list":["post-99317","post","type-post","status-publish","format-standard","has-post-thumbnail","hentry","category-spor","tag-gorev","tag-hoca","tag-otyakmaz","tag-sivas","tag-yonetim"],"_links":{"self":[{"href":"https:\/\/haberulus.net\/index.php?rest_route=\/wp\/v2\/posts\/99317","targetHints":{"allow":["GET"]}}],"collection":[{"href":"https:\/\/haberulus.net\/index.php?rest_route=\/wp\/v2\/posts"}],"about":[{"href":"https:\/\/haberulus.net\/index.php?rest_route=\/wp\/v2\/types\/post"}],"author":[{"embeddable":true,"href":"https:\/\/haberulus.net\/index.php?rest_route=\/wp\/v2\/users\/1"}],"replies":[{"embeddable":true,"href":"https:\/\/haberulus.net\/index.php?rest_route=%2Fwp%2Fv2%2Fcomments&post=99317"}],"version-history":[{"count":1,"href":"https:\/\/haberulus.net\/index.php?rest_route=\/wp\/v2\/posts\/99317\/revisions"}],"predecessor-version":[{"id":99319,"href":"https:\/\/haberulus.net\/index.php?rest_route=\/wp\/v2\/posts\/99317\/revisions\/99319"}],"wp:featuredmedia":[{"embeddable":true,"href":"https:\/\/haberulus.net\/index.php?rest_route=\/wp\/v2\/media\/99318"}],"wp:attachment":[{"href":"https:\/\/haberulus.net\/index.php?rest_route=%2Fwp%2Fv2%2Fmedia&parent=99317"}],"wp:term":[{"taxonomy":"category","embeddable":true,"href":"https:\/\/haberulus.net\/index.php?rest_route=%2Fwp%2Fv2%2Fcategories&post=99317"},{"taxonomy":"post_tag","embeddable":true,"href":"https:\/\/haberulus.net\/index.php?rest_route=%2Fwp%2Fv2%2Ftags&post=99317"}],"curies":[{"name":"wp","href":"https:\/\/api.w.org\/{rel}","templated":true}]}}