{"id":99337,"date":"2023-06-15T17:05:34","date_gmt":"2023-06-15T17:05:34","guid":{"rendered":"https:\/\/haberulus.net\/?p=99337"},"modified":"2023-06-15T17:05:34","modified_gmt":"2023-06-15T17:05:34","slug":"stefan-kuntz-letonya-maci-oncesi-degerlendirme-yapti-rahat-bir-mac-bekliyorum","status":"publish","type":"post","link":"https:\/\/haberulus.net\/?p=99337","title":{"rendered":"Stefan Kuntz, Letonya ma\u00e7\u0131 \u00f6ncesi de\u011ferlendirme yapt\u0131: \u2018Rahat bir ma\u00e7 bekliyorum\u2019"},"content":{"rendered":"<p>A Milli Tak\u0131m Teknik Direkt\u00f6r\u00fc Stefan Kuntz, \u201cGenel olarak, ortam olarak, bask\u0131 olarak rahat bir ma\u00e7 bekleyebilirim. Rakibimiz kendini geli\u015ftirdi. Bizim de kendimizi geli\u015ftirdi\u011fimizi ve sahaya yans\u0131tmam\u0131z gerekti\u011fini d\u00fc\u015f\u00fcn\u00fcyorum\u201d dedi.<\/p>\n<p>A Milli Futbol Tak\u0131m\u0131, 2024 Avrupa Futbol \u015eampiyonas\u0131 (EURO 2024) Elemeleri D Grubu\u2019ndaki \u00fc\u00e7\u00fcnc\u00fc ma\u00e7\u0131nda yar\u0131n Letonya ile kar\u015f\u0131 kar\u015f\u0131ya gelecek.\u00a0Kar\u015f\u0131la\u015fma \u00f6ncesi d\u00fczenlenen bas\u0131n toplant\u0131s\u0131nda A Milli Tak\u0131m Teknik Direkt\u00f6r\u00fc Stefan Kuntz a\u00e7\u0131klamalarda bulundu.<\/p>\n<p>Yar\u0131nki m\u00fccadeleyi de\u011ferlendiren Stefan Kuntz, \u201cYakla\u015f\u0131k 20 ayd\u0131r beraber \u00e7al\u0131\u015f\u0131yoruz. Sahada farkl\u0131 bir tak\u0131m, farkl\u0131 bir kalite g\u00f6rece\u011finizi d\u00fc\u015f\u00fcn\u00fcyorum. Genel olarak, ortam olarak, bask\u0131 olarak rahat bir ma\u00e7 bekleyebilirim. Rakibimiz kendini geli\u015ftirdi. Bizim de kendimizi geli\u015ftirdi\u011fimizi ve sahaya yans\u0131tmam\u0131z gerekti\u011fini d\u00fc\u015f\u00fcn\u00fcyorum. Fiziksel olarak g\u00fc\u00e7l\u00fc bir tak\u0131m. Y\u00fcksek toplarda g\u00fc\u00e7l\u00fc olan ve zorlayabilecek bir tak\u0131m. Ama sonu\u00e7ta benim g\u00f6revim bunlara \u00f6nlem almak ve kendi tak\u0131m\u0131m\u0131 en iyi \u015fekilde haz\u0131rlamak\u201d \u015feklinde konu\u015ftu.<\/p>\n<p><b>\u201cCENK VE ENES\u2019\u0130N YOKLU\u011eUNU KAPATTILAR\u201d<\/b><\/p>\n<p>Stefan Kuntz, Cenk Tosun ve Enes \u00dcnal\u2019\u0131n sakatl\u0131klar\u0131 sebebiyle forma giyemeyecek olmalar\u0131yla\u00a0ilgili,\u00a0\u201cTabii bu oyuncular normalde as oynayan oyuncular oldu\u011fu i\u00e7in ister istemez tak\u0131mda eksiklik hissedilecektir. Ama \u015funu da fark ettik b\u00f6yle oyuncular eksik oldu\u011funda di\u011fer oyuncular\u0131m\u0131z onlar\u0131n a\u00e7\u0131klar\u0131n\u0131 kapatt\u0131lar. Bunun yine ayn\u0131s\u0131 olaca\u011f\u0131n\u0131 d\u00fc\u015f\u00fcn\u00fcyorum\u201d ifadelerini kulland\u0131.<\/p>\n<p><b>\u201cO KONULARA FAZLA G\u0130RMEMEM GEREK\u0130YOR\u201d<\/b><\/p>\n<p>Rakip hakk\u0131nda konu\u015fan 60 ya\u015f\u0131ndaki teknik adam, \u201cOnlar\u0131n hocalar\u0131 alt\u0131nda bir farkl\u0131l\u0131k, bir de\u011fi\u015fimde olduklar\u0131n\u0131 g\u00f6r\u00fcyoruz. Fakat neleri iyi, neleri k\u00f6t\u00fc yapt\u0131klar\u0131n\u0131 tak\u0131mla analiz etmemiz gerekiyor. B\u00f6ylelikle o tarz konulara \u00e7ok fazla girmemem gerekiyor. Ama genel olarak iyi bir tak\u0131m olduklar\u0131n\u0131 d\u00fc\u015f\u00fcn\u00fcyorum\u201d de\u011ferlendirmesinde bulundu.<\/p>\n<p><b>\u201cMA\u00c7IN \u00d6NEM\u0130N\u0130N FARKINDAYIZ\u201d<\/b><\/p>\n<p>Stefan Kuntz kendisi ve tak\u0131m i\u00e7in kader ma\u00e7\u0131 olup olmad\u0131\u011f\u0131n\u0131 sorulmas\u0131na ise, \u201cSonu\u00e7ta 8 tane ma\u00e7\u0131m\u0131z var. B\u00f6ylelikle bu ma\u00e7\u0131 kazand\u0131\u011f\u0131n\u0131zda \u00f6n\u00fcn\u00fczdeki hedefe biraz daha yakla\u015fm\u0131\u015f oluyorsunuz. Ma\u00e7\u0131n ne kadar \u00f6nemli oldu\u011funun bizler de fark\u0131nday\u0131z. A Milli Tak\u0131m seviyesinde g\u00f6rev al\u0131yorsan\u0131z her ma\u00e7 o bask\u0131y\u0131 hissedersiniz. Yar\u0131nki ma\u00e7\u0131n bask\u0131s\u0131n\u0131n di\u011fer ma\u00e7lardan bir fark\u0131 yok\u201d cevab\u0131n\u0131 verdi.<\/p>\n<p><b>\u201cZ\u0130RVEDE OLMAK \u0130STER\u0130M\u201d<\/b><\/p>\n<p>S\u0131radaki 2 ma\u00e7la ilgili de\u011ferlendirmelerde bulunan Kuntz, \u201cTabii ki bu kar\u015f\u0131la\u015fmalar \u00f6nemli. Biz \u015fampiyonaya gitmek istiyorsak en az 3 rakibimizi geride b\u0131rakmam\u0131z gerekiyor. Her ne kadar Uluslar Ligi dolay\u0131s\u0131yla Avrupa \u015eampiyonas\u0131\u2019na gidebilmek i\u00e7in bir bilet alm\u0131\u015f olsak da bir arka kap\u0131 i\u00e7in elimizde f\u0131rsat bulunsa da biz bu elemeler \u00fczerinden gitmek istiyoruz. A milli seviyesinde bask\u0131 her ma\u00e7 i\u00e7in olacakt\u0131r. Hem hoca i\u00e7in hem de oyuncular\u0131m\u0131z i\u00e7in olacakt\u0131r. Benim i\u00e7in ge\u00e7erli kriter 8 ma\u00e7 tamamland\u0131ktan sonra zirvede olup olmamakt\u0131r. Her \u015fey sona erdikten sonra zirvede olmak isterdim\u201d dedi.<\/p>\n<p><b>\u201cARDA G\u00dcLER K\u0130L\u0130T OYUNCU OLACAK\u201d<\/b><\/p>\n<p>Arda G\u00fcler\u2019in harika bir futbolcu oldu\u011funu belirten 60 ya\u015f\u0131ndaki teknik adam, \u201c\u00c7ok iyi performanslar sergiledi. Son d\u00f6nemde Fenerbah\u00e7e\u2019de ciddi anlamda s\u00fcre ald\u0131. Kendini geli\u015ftirme f\u0131rsat\u0131 buldu, hala geli\u015ftirebilece\u011fi y\u00f6nler var ve milli tak\u0131mda da \u00e7ok iyi tak\u0131m arkada\u015flar\u0131 var. Onlardan da istifade edecektir, birlikte oynayarak. Gelecekte T\u00fcrk Milli Tak\u0131m\u0131 i\u00e7in \u00e7ok kilit bir oyuncu olacakt\u0131r\u201d \u015feklinde konu\u015ftu.<\/p>\n<p><b>\u201c\u0130LK HEDEF\u0130M\u0130ZE ULA\u015eMI\u015eTIK\u201d<\/b><\/p>\n<p>Kuntz, milli tak\u0131ma teknik direkt\u00f6r oldu\u011fu g\u00fcnden itibaren planlar\u0131n\u0131 ne kadar\u0131n\u0131 ger\u00e7ekle\u015ftirebildi\u011finin sorulmas\u0131na \u015fu yan\u0131t\u0131 verdi:<\/p>\n<p>\u201cBiz g\u00f6reve geldi\u011fimizde 2 kilit hedef vard\u0131. Birincisi D\u00fcnya Kupas\u0131\u2019na kat\u0131labilmek, ikincisi Uluslar Ligi\u2019nde bir \u00fcst lige \u00e7\u0131kmakt\u0131. \u0130lk hedefimize ula\u015fm\u0131\u015ft\u0131k asl\u0131nda. Ne yaz\u0131k ki Portekiz\u2019e elenerek devam edemedik. B Ligi\u2019ne de \u00e7\u0131km\u0131\u015ft\u0131k. B\u00f6ylelikle Avrupa \u015eampiyonas\u0131\u2019na kat\u0131lmak i\u00e7in bir imkan daha sa\u011flad\u0131k. Salih \u00d6zcan gibi Ferdi Kad\u0131o\u011flu gibi 2 tane \u00f6nemli futbolcuyu milli tak\u0131ma kazand\u0131rd\u0131\u011f\u0131m i\u00e7in mutluyum. Ayn\u0131 zamanda Serdar Dursun olsun o zamanki Uluslar Ligi\u2019nde en \u00e7ok gol atanlar listesindeydi. Lig i\u00e7inde daha ufak tak\u0131m diye adland\u0131rd\u0131\u011f\u0131m\u0131z tak\u0131mlardan en az 6-7 tane oyuncuyu milli tak\u0131ma \u00e7a\u011f\u0131rm\u0131\u015ft\u0131k. Bu oyuncular bu s\u00fcre\u00e7 sonras\u0131nda b\u00fcy\u00fck tak\u0131mlara transfer oldu.\u201d<\/p>\n<p><b>\u201cKARARI S\u0130ZE BIRAKIYORUM\u201d<\/b><\/p>\n<p>\u201cGe\u00e7en senenin sonunda oynad\u0131\u011f\u0131m\u0131z 2 haz\u0131rl\u0131k ma\u00e7\u0131nda oyun i\u00e7inde de\u011fi\u015fiklikleri denemi\u015ftik. Bunlar\u0131 do\u011fru \u015fekilde uygulad\u0131k. Y\u00f6netimimizin kafas\u0131nda olan farkl\u0131 projeler, altyap\u0131 sistemleri, yeni kurgulamalar bu tarz konular oldu\u011funda ben onlara destek ve yard\u0131mc\u0131 olmaya \u00e7al\u0131\u015f\u0131yorum. Ermenistan\u2019da ilk devre istedi\u011fimiz gibi gitmeyen ma\u00e7\u0131 oyun i\u00e7indeki de\u011fi\u015fikliklerle kazanm\u0131\u015f olduk. K\u0131yaslad\u0131\u011f\u0131m\u0131zda ondan sonraki H\u0131rvatistan ma\u00e7\u0131nda daha \u00e7ok pozisyonda girdik ancak skoru elde edemedi\u011fimiz i\u00e7in ma\u00e7\u0131 kazanamad\u0131k. Karar\u0131 size b\u0131rak\u0131yorum bu 20 ay\u0131n olumlu veya olumsuz oldu\u011funu herkes kendi de\u011ferlendirebilir.\u201d<\/p>\n<p><b>\u201cY\u00d6NET\u0130M\u0130M\u0130Z KARAR VERECEK<\/b><\/p>\n<p>Kuntz, hedeflerine ula\u015fmak i\u00e7in ne kadar s\u00fcre gerekti\u011fine ise, \u201cBu asl\u0131nda benim karar verebilece\u011fim bir konu de\u011fil. Bizimle yak\u0131n \u00e7al\u0131\u015fanlar bizim ne kadar \u00f6zveriyle \u00e7al\u0131\u015ft\u0131\u011f\u0131m\u0131z\u0131 biliyorlar. Tabii baz\u0131 \u00f6rnekler var. Belirli bir s\u00fcre sonra 2 veya 4 sene aras\u0131nda daha istikrar sa\u011flayan mesela Macaristan g\u00fczel bir \u00f6rnek. Bu konuda y\u00f6netimimiz karar verecek\u201d cevab\u0131n\u0131 vererek s\u00f6zlerini noktalad\u0131.<\/p>\n","protected":false},"excerpt":{"rendered":"<p>&#8220;EURO 2024 elemeleri kapsam\u0131nda Letonya ile kar\u015f\u0131la\u015facak olan A Milli Futbol Tak\u0131m\u0131&#8217;n\u0131n Teknik Direkt\u00f6r\u00fc Stefan Kuntz&#8217;dan \u00f6nemli a\u00e7\u0131klamalar geldi. Kuntz, tak\u0131m\u0131n\u0131n sahada farkl\u0131 bir kalite sergileyece\u011fine inand\u0131\u011f\u0131n\u0131 belirtti.<\/p>\n","protected":false},"author":1,"featured_media":99338,"comment_status":"closed","ping_status":"open","sticky":false,"template":"","format":"standard","meta":{"footnotes":""},"categories":[31],"tags":[815,437,290,903,192],"class_list":["post-99337","post","type-post","status-publish","format-standard","has-post-thumbnail","hentry","category-spor","tag-fark","tag-lig","tag-mac","tag-oyuncular","tag-takim"],"_links":{"self":[{"href":"https:\/\/haberulus.net\/index.php?rest_route=\/wp\/v2\/posts\/99337","targetHints":{"allow":["GET"]}}],"collection":[{"href":"https:\/\/haberulus.net\/index.php?rest_route=\/wp\/v2\/posts"}],"about":[{"href":"https:\/\/haberulus.net\/index.php?rest_route=\/wp\/v2\/types\/post"}],"author":[{"embeddable":true,"href":"https:\/\/haberulus.net\/index.php?rest_route=\/wp\/v2\/users\/1"}],"replies":[{"embeddable":true,"href":"https:\/\/haberulus.net\/index.php?rest_route=%2Fwp%2Fv2%2Fcomments&post=99337"}],"version-history":[{"count":1,"href":"https:\/\/haberulus.net\/index.php?rest_route=\/wp\/v2\/posts\/99337\/revisions"}],"predecessor-version":[{"id":99339,"href":"https:\/\/haberulus.net\/index.php?rest_route=\/wp\/v2\/posts\/99337\/revisions\/99339"}],"wp:featuredmedia":[{"embeddable":true,"href":"https:\/\/haberulus.net\/index.php?rest_route=\/wp\/v2\/media\/99338"}],"wp:attachment":[{"href":"https:\/\/haberulus.net\/index.php?rest_route=%2Fwp%2Fv2%2Fmedia&parent=99337"}],"wp:term":[{"taxonomy":"category","embeddable":true,"href":"https:\/\/haberulus.net\/index.php?rest_route=%2Fwp%2Fv2%2Fcategories&post=99337"},{"taxonomy":"post_tag","embeddable":true,"href":"https:\/\/haberulus.net\/index.php?rest_route=%2Fwp%2Fv2%2Ftags&post=99337"}],"curies":[{"name":"wp","href":"https:\/\/api.w.org\/{rel}","templated":true}]}}