{"id":99562,"date":"2023-06-16T08:35:04","date_gmt":"2023-06-16T08:35:04","guid":{"rendered":"https:\/\/haberulus.net\/?p=99562"},"modified":"2023-06-16T08:35:04","modified_gmt":"2023-06-16T08:35:04","slug":"uzmanlar-uyardi-bu-iki-besin-kolon-kanserini-tetikliyor","status":"publish","type":"post","link":"https:\/\/haberulus.net\/?p=99562","title":{"rendered":"Uzmanlar uyard\u0131: Bu iki besin kolon kanserini tetikliyor"},"content":{"rendered":"<p><span>Ara\u015ft\u0131rmac\u0131lar, Bat\u0131 tarz\u0131 beslenme d\u00fczeninin iki temel \u00f6\u011fesi olan k\u0131rm\u0131z\u0131 et ve \u015fekerin 50 ya\u015f\u0131n alt\u0131ndaki insanlar aras\u0131ndaki ani art\u0131\u015ftan sorumlu olabilece\u011fini \u00f6ne s\u00fcr\u00fcyorlar.<\/span><\/p>\n<p>ABD\u2019deki <span><span>Cleveland Clinic\u2019ten <\/span><\/span>bir ara\u015ft\u0131rma ekibi taraf\u0131ndan yay\u0131nlanan \u00e7al\u0131\u015fma, yiyecekler par\u00e7aland\u0131\u011f\u0131nda v\u00fccutta olu\u015fan maddeler olan metabolitleri inceledi.<\/p>\n<p><span>Ara\u015ft\u0131rmac\u0131lar, kolorektal kanserli 50 ya\u015f\u0131n alt\u0131ndaki ki\u015filerin ya\u015fl\u0131 meslekta\u015flar\u0131na g\u00f6re daha d\u00fc\u015f\u00fck sitrat seviyelerine sahip oldu\u011funu buldular. Sitrat, v\u00fccut g\u0131day\u0131 enerjiye d\u00f6n\u00fc\u015ft\u00fcrd\u00fc\u011f\u00fcnde olu\u015fan bir bile\u015fiktir.<\/span><\/p>\n<p><span>Sitrat\u0131n son ara\u015ft\u0131rmalarda da t\u00fcm\u00f6r b\u00fcy\u00fcmesini ve kolorektal kanserin ilerlemesini engelledi\u011fi ortaya \u00e7\u0131kt\u0131.<\/span><\/p>\n<p><span>Ara\u015ft\u0131rmac\u0131lar ayr\u0131ca, belirli g\u0131dalardaki protein ve karbonhidratlar\u0131 nas\u0131l par\u00e7alad\u0131klar\u0131 konusunda da farkl\u0131l\u0131klar buldular; bunun, k\u0131rm\u0131z\u0131 et ve \u015feker al\u0131m\u0131n\u0131n gen\u00e7 ya\u015fta kolorektal kanser geli\u015fimi ile ili\u015fkili olabilece\u011fi anlam\u0131na gelebilece\u011fini \u00f6ne s\u00fcrd\u00fcler.<\/span><\/p>\n<p><b>SINIRLAMAKTA FAYDA VAR<\/b><\/p>\n<p><span>\u00c7al\u0131\u015fman\u0131n ba\u015f\u0131ndaki isim <\/span><span>Dr. Kamath, daha fazla ara\u015ft\u0131rmaya ihtiya\u00e7 oldu\u011funu, ancak beslenme d\u00fczeninizde k\u0131rm\u0131z\u0131 et ve \u015fekeri s\u0131n\u0131rlaman\u0131n iyi bir fikir oldu\u011funu g\u00f6steren yeterli kan\u0131t oldu\u011funu s\u00f6yledi.<\/span><\/p>\n<p><span>Ara\u015ft\u0131rma, 66\u2019s\u0131 gen\u00e7 olmak \u00fczere, kolorektal kanserli 170 hastadan olu\u015fuyordu. Hepsi 50 ya\u015f\u0131n alt\u0131ndayd\u0131.\u00a0<\/span><\/p>\n<p><span>Bulgular, bu ay\u0131n ba\u015flar\u0131nda Amerikan Klinik Onkoloji Derne\u011fi\u2019nin Chicago\u2019daki y\u0131ll\u0131k toplant\u0131s\u0131nda sunuldu.\u00a0<\/span><\/p>\n<p><span>Kolon ve rektum kanserleri \u015fu anda ABD\u2019de en yayg\u0131n \u00fc\u00e7\u00fcnc\u00fc t\u00fcr ve hem erkekler hem de kad\u0131nlar i\u00e7in \u00f6nde gelen \u00fc\u00e7\u00fcnc\u00fc \u00f6l\u00fcm nedenidir. <\/span><span>Amerikan Kanser Derne\u011fi, bu y\u0131l 19.500\u2019\u00fc 50 ya\u015f\u0131n alt\u0131ndakiler olmak \u00fczere yakla\u015f\u0131k 153.000 kolorektal kanser vakas\u0131n\u0131n tespit edilece\u011fini tahmin ediyor.<\/span><\/p>\n<p><span>Bunlardan da yakla\u015f\u0131k 52.550 ki\u015finin hastal\u0131ktan \u00f6lmesi bekleniyor.<\/span><\/p>\n","protected":false},"excerpt":{"rendered":"<p>Yap\u0131lan bir ara\u015ft\u0131rmada, k\u0131rm\u0131z\u0131 et ve \u015fekerin, gen\u00e7lerde g\u00f6r\u00fclen kolon kanseri art\u0131\u015f\u0131n\u0131n arkas\u0131ndaki nedenler olabilece\u011fi \u00f6ne s\u00fcr\u00fcld\u00fc.<\/p>\n","protected":false},"author":1,"featured_media":99563,"comment_status":"closed","ping_status":"open","sticky":false,"template":"","format":"standard","meta":{"footnotes":""},"categories":[30],"tags":[226,12506],"class_list":["post-99562","post","type-post","status-publish","format-standard","has-post-thumbnail","hentry","category-saglik","tag-arastirma","tag-kolorektal-kanser"],"_links":{"self":[{"href":"https:\/\/haberulus.net\/index.php?rest_route=\/wp\/v2\/posts\/99562","targetHints":{"allow":["GET"]}}],"collection":[{"href":"https:\/\/haberulus.net\/index.php?rest_route=\/wp\/v2\/posts"}],"about":[{"href":"https:\/\/haberulus.net\/index.php?rest_route=\/wp\/v2\/types\/post"}],"author":[{"embeddable":true,"href":"https:\/\/haberulus.net\/index.php?rest_route=\/wp\/v2\/users\/1"}],"replies":[{"embeddable":true,"href":"https:\/\/haberulus.net\/index.php?rest_route=%2Fwp%2Fv2%2Fcomments&post=99562"}],"version-history":[{"count":1,"href":"https:\/\/haberulus.net\/index.php?rest_route=\/wp\/v2\/posts\/99562\/revisions"}],"predecessor-version":[{"id":99564,"href":"https:\/\/haberulus.net\/index.php?rest_route=\/wp\/v2\/posts\/99562\/revisions\/99564"}],"wp:featuredmedia":[{"embeddable":true,"href":"https:\/\/haberulus.net\/index.php?rest_route=\/wp\/v2\/media\/99563"}],"wp:attachment":[{"href":"https:\/\/haberulus.net\/index.php?rest_route=%2Fwp%2Fv2%2Fmedia&parent=99562"}],"wp:term":[{"taxonomy":"category","embeddable":true,"href":"https:\/\/haberulus.net\/index.php?rest_route=%2Fwp%2Fv2%2Fcategories&post=99562"},{"taxonomy":"post_tag","embeddable":true,"href":"https:\/\/haberulus.net\/index.php?rest_route=%2Fwp%2Fv2%2Ftags&post=99562"}],"curies":[{"name":"wp","href":"https:\/\/api.w.org\/{rel}","templated":true}]}}