{"id":99666,"date":"2023-06-16T10:21:04","date_gmt":"2023-06-16T10:21:04","guid":{"rendered":"https:\/\/haberulus.net\/?p=99666"},"modified":"2023-06-16T10:21:04","modified_gmt":"2023-06-16T10:21:04","slug":"gec-uyumak-sigara-ve-alkol-erken-olum-nedeni","status":"publish","type":"post","link":"https:\/\/haberulus.net\/?p=99666","title":{"rendered":"Ge\u00e7 uyumak, sigara ve alkol\u2026 Erken \u00f6l\u00fcm nedeni"},"content":{"rendered":"<p>Scimex\u2019in haberine g\u00f6re, ge\u00e7 uyuyanlar\u0131n alkol ve sigara t\u00fcketimiyle erken \u00f6l\u00fcm aras\u0131ndaki ba\u011flant\u0131n\u0131n incelendi\u011fi ara\u015ft\u0131rmada, 1981 ile 2018 y\u0131llar\u0131ndaki veriler de\u011ferlendirildi.<\/p>\n<p>Finlandiya \u0130\u015f Sa\u011fl\u0131\u011f\u0131 Enstit\u00fcs\u00fc\u2019nden (FIOH) Dr. Christer Hublin \u00f6nc\u00fcl\u00fc\u011f\u00fcnde y\u00fcr\u00fct\u00fclen ara\u015ft\u0131rmada, 24 ya\u015f\u0131ndaki 22 bin 976 kad\u0131n ve erkek kat\u0131l\u0131mc\u0131 incelendi.<\/p>\n<p>Gece aktif olan insanlar\u0131n, g\u00fcnd\u00fcz aktif olanlara k\u0131yasla daha erken \u00f6ld\u00fc\u011f\u00fc ancak bu durumun sigara ve alkol t\u00fcketimiyle ilgili oldu\u011fu g\u00f6r\u00fclen ara\u015ft\u0131rmada, ge\u00e7 uyuyanlar\u0131n daha \u00e7ok sigara ve alkol t\u00fcketti\u011fi tespit edildi.<\/p>\n<p>Kat\u0131l\u0131mc\u0131lar\u0131n 2018\u2019de 8 bin 728\u2019inin \u00f6ld\u00fc\u011f\u00fc ve gece aktif olan insanlar\u0131n, g\u00fcnd\u00fcz aktif olanlara nazaran \u00f6l\u00fcm oranlar\u0131n\u0131n y\u00fczde 9 daha fazla oldu\u011fu belirtildi.<\/p>\n<p>Uyku d\u00fczeninin \u00f6l\u00fcm oran\u0131na etkisinin \u00e7ok az olabilece\u011fini s\u00f6yleyen Hublin, \u201cGece ge\u00e7 yatan insanlar ve \u00f6l\u00fcm oran\u0131 aras\u0131ndaki ili\u015fkinin b\u00fcy\u00fck oranla t\u00fct\u00fcn ve alkol t\u00fcketimi y\u00fcz\u00fcnden oldu\u011fu g\u00f6r\u00fcl\u00fcyor\u201d a\u00e7\u0131klamas\u0131nda bulundu. (AA)<\/p>\n","protected":false},"excerpt":{"rendered":"<p>Finlandiya&#8217;da yap\u0131lan ara\u015ft\u0131rmada, gece ge\u00e7 uyuyan insanlar\u0131n daha erken \u00f6ld\u00fc\u011f\u00fc ancak \u00f6l\u00fcm nedeninin uyku saatlerinden ziyade sigara ve alkol t\u00fcketiminden kaynaklanabilece\u011fi ortaya \u00e7\u0131kt\u0131.<\/p>\n","protected":false},"author":1,"featured_media":99667,"comment_status":"closed","ping_status":"open","sticky":false,"template":"","format":"standard","meta":{"footnotes":""},"categories":[30],"tags":[],"class_list":["post-99666","post","type-post","status-publish","format-standard","has-post-thumbnail","hentry","category-saglik"],"_links":{"self":[{"href":"https:\/\/haberulus.net\/index.php?rest_route=\/wp\/v2\/posts\/99666","targetHints":{"allow":["GET"]}}],"collection":[{"href":"https:\/\/haberulus.net\/index.php?rest_route=\/wp\/v2\/posts"}],"about":[{"href":"https:\/\/haberulus.net\/index.php?rest_route=\/wp\/v2\/types\/post"}],"author":[{"embeddable":true,"href":"https:\/\/haberulus.net\/index.php?rest_route=\/wp\/v2\/users\/1"}],"replies":[{"embeddable":true,"href":"https:\/\/haberulus.net\/index.php?rest_route=%2Fwp%2Fv2%2Fcomments&post=99666"}],"version-history":[{"count":1,"href":"https:\/\/haberulus.net\/index.php?rest_route=\/wp\/v2\/posts\/99666\/revisions"}],"predecessor-version":[{"id":99668,"href":"https:\/\/haberulus.net\/index.php?rest_route=\/wp\/v2\/posts\/99666\/revisions\/99668"}],"wp:featuredmedia":[{"embeddable":true,"href":"https:\/\/haberulus.net\/index.php?rest_route=\/wp\/v2\/media\/99667"}],"wp:attachment":[{"href":"https:\/\/haberulus.net\/index.php?rest_route=%2Fwp%2Fv2%2Fmedia&parent=99666"}],"wp:term":[{"taxonomy":"category","embeddable":true,"href":"https:\/\/haberulus.net\/index.php?rest_route=%2Fwp%2Fv2%2Fcategories&post=99666"},{"taxonomy":"post_tag","embeddable":true,"href":"https:\/\/haberulus.net\/index.php?rest_route=%2Fwp%2Fv2%2Ftags&post=99666"}],"curies":[{"name":"wp","href":"https:\/\/api.w.org\/{rel}","templated":true}]}}