{"id":99743,"date":"2023-06-16T12:21:05","date_gmt":"2023-06-16T12:21:05","guid":{"rendered":"https:\/\/haberulus.net\/?p=99743"},"modified":"2023-06-16T12:21:05","modified_gmt":"2023-06-16T12:21:05","slug":"ttb-4-aylik-bilancoyu-acikladi-1440-vaka-tespit-edildi","status":"publish","type":"post","link":"https:\/\/haberulus.net\/?p=99743","title":{"rendered":"TTB, 4 ayl\u0131k bilan\u00e7oyu a\u00e7\u0131klad\u0131: 1440 vaka tespit edildi"},"content":{"rendered":"<p>T\u00fcrk Tabipleri Birli\u011fi\u2019nin (TTB) Merkez Konseyi, Pandemi \u00c7al\u0131\u015fma ve A\u015f\u0131 Gruplar\u0131, Halk Sa\u011fl\u0131\u011f\u0131 Kolu ad\u0131na yap\u0131lan ortak a\u00e7\u0131klamada \u00f6l\u00fcmc\u00fcl, k\u00f6rl\u00fck gibi sakatl\u0131klara neden olabilen, salg\u0131nlardan sonra ge\u00e7 d\u00f6nemde ortaya \u00e7\u0131kan kal\u0131c\u0131 sa\u011fl\u0131k sorunlar\u0131na yol a\u00e7an k\u0131zam\u0131k hastal\u0131\u011f\u0131n\u0131n iki doz a\u015f\u0131 ile \u00f6nlenebilen bir hastal\u0131k oldu\u011funun alt\u0131 \u00e7izildi. A\u015f\u0131lamadaki eksikliklere dikkat \u00e7ekildi.<\/p>\n<p>Ortak a\u00e7\u0131klamay\u0131 TTB Merkez Konseyi Ba\u015fkan\u0131 Prof. Dr. \u015eebnem Korur Fincanc\u0131 ve TTB Pandemi \u00c7al\u0131\u015fma Grubu \u00fcyesi Prof. Dr. Esin \u015eenol ile TTB Genel Sekreteri Prof. Dr. Vedat Bulut yapt\u0131.<\/p>\n<p><strong>\u201cB\u0130N 440 LABORATUVAR TANISI DO\u011eRULANDI\u201d<\/strong><\/p>\n<p>D\u00fcnya Sa\u011fl\u0131k \u00d6rg\u00fct\u00fc (DS\u00d6) Avrupa B\u00f6lgesi K\u0131zam\u0131k ve K\u0131zam\u0131k\u00e7\u0131k Raporuna g\u00f6re, son bir y\u0131lda Rusya ve Tacikistan&#8217;\u0131n ard\u0131ndan \u00fc\u00e7\u00fcnc\u00fc \u00fclke olan T\u00fcrkiye&#8217;nin verilere dikkat \u00e7ekilen a\u00e7\u0131klamada, \u201c\u00dclkemizde 2023 y\u0131l\u0131 ilk d\u00f6rt ay\u0131nda K\u0131zam\u0131k \u00f6n tan\u0131s\u0131yla 2 bin 5 ki\u015fi incelenmi\u015f ve bunlar\u0131n bin 440&#8217;\u0131nda k\u0131zam\u0131k laboratuvar tan\u0131s\u0131yla do\u011frulanm\u0131\u015ft\u0131r. K\u0131zam\u0131k vakalar\u0131n\u0131n b\u00fcy\u00fck \u00e7o\u011funlu\u011fu 1-9 ya\u015f grubundad\u0131r. K\u0131zam\u0131k nedeniyle 242 ki\u015fi hastaneye yatm\u0131\u015ft\u0131r, bu olgular i\u00e7erisinde 1-9 ya\u015f \u00e7ocuklar en y\u00fcksektir. \u0130leri ya\u015f k\u0131zam\u0131k olgular\u0131n varl\u0131\u011f\u0131 uzun d\u00f6nem a\u015f\u0131 ile ilgili sorun ile y\u00fcz y\u00fcze oldu\u011fumuzu g\u00f6stermektedir. K\u0131zam\u0131k \u00f6n tan\u0131s\u0131yla incelenen olgularda a\u015f\u0131s\u0131z ve eksik a\u015f\u0131l\u0131lar \u00e7o\u011funluktad\u0131r. \u00d6zellikle K\u0131zam\u0131k komplikasyonlar\u0131 ve \u00f6l\u00fcm a\u00e7\u0131s\u0131ndan en riskli 5 ya\u015f alt\u0131nda a\u015f\u0131lanma durumu a\u00e7\u0131s\u0131ndan vakalar de\u011ferlendirildi\u011finde: 1 ya\u015f alt\u0131nda vakalar\u0131n neredeyse t\u00fcm\u00fc, 1-4 ya\u015fta ise yar\u0131s\u0131ndan fazlas\u0131 a\u015f\u0131s\u0131zd\u0131r\u201d denildi.<\/p>\n<p><strong>\u201cBAKANLIK SALGININ DUYULMASINI ENGELLEMEYE \u00c7ALI\u015eIYOR\u201d<\/strong><\/p>\n<p>Sa\u011fl\u0131k otoritesinin K\u0131zam\u0131k salg\u0131n\u0131n\u0131n duyulmas\u0131n\u0131 engelleyecek giri\u015fimlerde bulunurken, \u00f6nlemek i\u00e7in etkin bir rol oynama konusunda alabildi\u011fine isteksiz davrand\u0131\u011f\u0131na vurgu yap\u0131lan a\u00e7\u0131klamada, son k\u0131zam\u0131k \u00f6l\u00fcm\u00fcn\u00fcn ya\u015fanmas\u0131ndan 13 y\u0131l sonra, g\u00fcn\u00fcm\u00fczde yeniden \u00f6l\u00fcmlerin ba\u015flamas\u0131ndan duyulan kayg\u0131 dile getirildi.<\/p>\n<p>Bakanl\u0131\u011f\u0131n pandemi d\u00f6neminde daha da g\u00f6r\u00fcn\u00fcr hale gelen a\u015f\u0131 konusundaki ilgisizli\u011fi hat\u0131rlat\u0131larak \u201c Elimizde \u00f6nleme olana\u011f\u0131 var ama memleketin sa\u011fl\u0131k otoritesi vaka say\u0131lar\u0131n\u0131 gizliyor, gizledi\u011fi yetmiyor. Bu konuda konu\u015fan meslekta\u015flar\u0131m\u0131z\u0131 da t\u00fcrl\u00fc yollarla susturmaya \u00e7al\u0131\u015f\u0131yor. Teredd\u00fcd\u00fc gidermek mi dediniz, a\u015f\u0131 kar\u015f\u0131tlar\u0131n\u0131n tehdit ettiklerine d\u00f6n\u00fcp bakm\u0131yor, tehdit edeni serbest b\u0131rak\u0131yor\u201d denildi.<\/p>\n<p><strong>\u201cRANTA TERK ED\u0130LMEM\u0130\u015e SA\u011eLIK POL\u0130T\u0130KALARINA \u0130HT\u0130YA\u00c7 VAR\u201d<\/strong><\/p>\n<p>TTB A\u00e7\u0131klamas\u0131nda \u201dHer \u00e7ocu\u011fun a\u015f\u0131 ile \u00f6nlenebilir hastal\u0131k riskinden ar\u0131nd\u0131r\u0131lm\u0131\u015f bir ortamda do\u011fma ve b\u00fcy\u00fcme hakk\u0131 vard\u0131r, \u00f6devlisi devlettir. Acilen ranta terk edilmemi\u015f, sorumlulu\u011fu bireye y\u0131kmayan, toplumu ya\u015fama katan sa\u011fl\u0131k politikalar\u0131na ihtiyac\u0131m\u0131z var\u201d denilerek en k\u0131sa s\u00fcrede al\u0131nmas\u0131 gereken \u00f6nlemler \u015f\u00f6yle s\u0131raland\u0131:<\/p>\n<p>* Vaka g\u00f6r\u00fclen b\u00f6lgelerde 6\/9 ay \u2013 15 ya\u015f aras\u0131 t\u00fcm \u00e7ocuklara a\u015f\u0131l\u0131 olup olmad\u0131\u011f\u0131na bak\u0131lmaks\u0131z\u0131n mutlaka bir doz a\u015f\u0131 yap\u0131lmal\u0131.<\/p>\n<p>* Hen\u00fcz vaka g\u00f6r\u00fclmeyen b\u00f6lgelerde 9 aydan itibaren eksik a\u015f\u0131l\u0131 \u00e7ocuklar\u0131n k\u0131zam\u0131k a\u015f\u0131lar\u0131 tamamlanmal\u0131.<\/p>\n<p>* \u00d6zellikle ikinci doz k\u0131zam\u0131k a\u015f\u0131 kapsam\u0131n\u0131n y\u00fckseltilmesine y\u00f6nelik \u00f6zg\u00fcn bir program geli\u015ftirilmeli.<\/p>\n<p>* \u0130kinci dozun ilkokul birinci s\u0131n\u0131ftan 48. aya \u00e7ekilmesi ve sorumlulu\u011funun aile hekimlerine devredilmesi ile performans d\u0131\u015f\u0131 tutulmas\u0131n\u0131n ortaya \u00e7\u0131kartt\u0131\u011f\u0131 2,5 milyonu bulan a\u015f\u0131s\u0131z okul \u00e7a\u011f\u0131 \u00e7ocuk bir an \u00f6nce a\u015f\u0131lanmal\u0131.<\/p>\n<p>* T\u00fcm d\u00f6k\u00fcnt\u00fcl\u00fc hastal\u0131k yak\u0131nmalar\u0131 k\u0131zam\u0131k y\u00f6n\u00fcnden de\u011ferlendirilmeli.<\/p>\n<p>* Hastanelerde k\u0131zam\u0131k hastal\u0131\u011f\u0131n\u0131n yay\u0131lmas\u0131n\u0131n \u00f6n\u00fcne ge\u00e7ilmeli.<\/p>\n<p>* Salg\u0131n ger\u00e7ekli\u011finde y\u00fcr\u00fct\u00fclecek a\u015f\u0131 kampanyas\u0131n\u0131n b\u00f6lge tabanl\u0131 yap\u0131lmas\u0131 zorunludur. Vatanda\u015f\u0131n ba\u015fvurusu ile s\u0131n\u0131rl\u0131 kal\u0131nmamal\u0131, sahaya \u00e7\u0131k\u0131lmal\u0131. Mobil a\u015f\u0131 istasyonlar\u0131 ile k\u0131sa s\u00fcrede a\u015f\u0131 oran\u0131 y\u00fckseltilmeli.<\/p>\n<p>* Toplum a\u015f\u0131 konusunda bilgilendirilmeli, yanl\u0131\u015f\/ yanl\u0131 haberlerin Sa\u011fl\u0131k Bakanl\u0131\u011f\u0131 yetkileri taraf\u0131ndan da \u00fczerine gidilmeli.<\/p>\n<p>* M\u00fclteci-g\u00f6\u00e7men n\u00fcfusa y\u00f6nelik koruyucu hizmetlere yo\u011funla\u015f\u0131lmal\u0131, a\u015f\u0131s\u0131z \u00e7ocuk b\u0131rak\u0131lmamal\u0131.<\/p>\n","protected":false},"excerpt":{"rendered":"<p>T\u00fcrk Tabipleri Birli\u011fi (TTB) bas\u0131n toplant\u0131s\u0131 ile endi\u015fe verici boyuta ula\u015fan k\u0131zam\u0131k ile ilgili verileri ve al\u0131nmas\u0131 gereken \u00f6nlemleri kamuoyu ile payla\u015ft\u0131. Y\u0131l\u0131n ilk d\u00f6rt ay\u0131nda k\u0131zam\u0131k \u00f6n tan\u0131s\u0131yla 2 bin 5 ki\u015finin incelendi\u011fi, bunlardan bin 440\u2019\u0131nda k\u0131zam\u0131\u011f\u0131n laboratuvar tan\u0131s\u0131yla do\u011fruland\u0131\u011f\u0131, 242 ki\u015finin de hastanede yatt\u0131\u011f\u0131 belirtildi.<\/p>\n","protected":false},"author":1,"featured_media":99744,"comment_status":"closed","ping_status":"open","sticky":false,"template":"","format":"standard","meta":{"footnotes":""},"categories":[30],"tags":[180,12290,177,175,556],"class_list":["post-99743","post","type-post","status-publish","format-standard","has-post-thumbnail","hentry","category-saglik","tag-asi","tag-kizamik","tag-saglik","tag-vaka","tag-yas"],"_links":{"self":[{"href":"https:\/\/haberulus.net\/index.php?rest_route=\/wp\/v2\/posts\/99743","targetHints":{"allow":["GET"]}}],"collection":[{"href":"https:\/\/haberulus.net\/index.php?rest_route=\/wp\/v2\/posts"}],"about":[{"href":"https:\/\/haberulus.net\/index.php?rest_route=\/wp\/v2\/types\/post"}],"author":[{"embeddable":true,"href":"https:\/\/haberulus.net\/index.php?rest_route=\/wp\/v2\/users\/1"}],"replies":[{"embeddable":true,"href":"https:\/\/haberulus.net\/index.php?rest_route=%2Fwp%2Fv2%2Fcomments&post=99743"}],"version-history":[{"count":1,"href":"https:\/\/haberulus.net\/index.php?rest_route=\/wp\/v2\/posts\/99743\/revisions"}],"predecessor-version":[{"id":99745,"href":"https:\/\/haberulus.net\/index.php?rest_route=\/wp\/v2\/posts\/99743\/revisions\/99745"}],"wp:featuredmedia":[{"embeddable":true,"href":"https:\/\/haberulus.net\/index.php?rest_route=\/wp\/v2\/media\/99744"}],"wp:attachment":[{"href":"https:\/\/haberulus.net\/index.php?rest_route=%2Fwp%2Fv2%2Fmedia&parent=99743"}],"wp:term":[{"taxonomy":"category","embeddable":true,"href":"https:\/\/haberulus.net\/index.php?rest_route=%2Fwp%2Fv2%2Fcategories&post=99743"},{"taxonomy":"post_tag","embeddable":true,"href":"https:\/\/haberulus.net\/index.php?rest_route=%2Fwp%2Fv2%2Ftags&post=99743"}],"curies":[{"name":"wp","href":"https:\/\/api.w.org\/{rel}","templated":true}]}}