{"id":99838,"date":"2023-06-16T14:19:32","date_gmt":"2023-06-16T14:19:32","guid":{"rendered":"https:\/\/haberulus.net\/?p=99838"},"modified":"2023-06-16T14:19:32","modified_gmt":"2023-06-16T14:19:32","slug":"kilicdarogluna-oy-vermedigini-soyleyen-abdullatif-senere-chpden-ilk-tepki-listelerimize-koydugumuz-icin-ozur-dileriz","status":"publish","type":"post","link":"https:\/\/haberulus.net\/?p=99838","title":{"rendered":"K\u0131l\u0131\u00e7daro\u011flu&#8217;na oy vermedi\u011fini s\u00f6yleyen Abd\u00fcllatif \u015eener&#8217;e CHP&#8217;den ilk tepki: Listelerimize koydu\u011fumuz i\u00e7in \u00f6z\u00fcr dileriz"},"content":{"rendered":"<p>Eski CHP Milletvekili Abd\u00fcllatif \u015eener&#8217;in d\u00fcn ak\u015fam Halk TV canl\u0131 yay\u0131n\u0131nda yapt\u0131\u011f\u0131 a\u00e7\u0131klamalar ana muhalefet partisinde tepkilere neden oldu. &#8220;\u0130stifa etmeyi d\u00fc\u015f\u00fcn\u00fcyor musunuz?&#8221; sorusuna &#8220;Ben zaten istifa ettim&#8221; diye cevap veren \u015eener, cumhurba\u015fkanl\u0131\u011f\u0131 se\u00e7imlerinin 1. turunda Sinan O\u011fan&#8217;a, ikinci turunda ise ge\u00e7ersiz oy kulland\u0131\u011f\u0131n\u0131 s\u00f6yledi.<\/p>\n<p><b>&#8220;ONA OY ATAN CHP&#8217;L\u0130LERE B\u0130R \u00d6Z\u00dcR BORCUMUZ VAR&#8221;<\/b><\/p>\n<p>\u015eener&#8217;in s\u00f6zlerine CHP&#8217;den ilk tepki geldi. CHP Grup Ba\u015fkan\u0131 \u00d6zg\u00fcr \u00d6zel, &#8220;\u015eener&#8217;in a\u00e7\u0131klamalar\u0131n\u0131 i\u00e7im ac\u0131yarak, kan\u0131m donarak izledim. Ona oy atan CHP&#8217;lilere bir \u00f6z\u00fcr borcumuz var. \u015eener&#8217;i listemize koyup da oy verdirtti\u011fimiz ve onu buraya ta\u015f\u0131y\u0131p da ta\u015f\u0131yamad\u0131\u011f\u0131m\u0131z CHP&#8217;lilerden \u00f6z\u00fcr dilemek d\u0131\u015f\u0131nda s\u00f6yleyecek bir \u015feyimiz yok&#8221; dedi.<\/p>\n<p><b>&#8220;V\u0130CDANI KARA, KALB\u0130 KURUMU\u015e&#8221;<\/b><\/p>\n<p>\u00d6zel s\u00f6zlerine \u015f\u00f6yle devam etti: &#8220;Vicdan\u0131 kara, kalbi kurumu\u015f. Se\u00e7ildikten sonra partiye kay\u0131t olmu\u015f, se\u00e7imlerden sonra istifa etmi\u015f. Su\u00e7\u00fcst\u00fc yakaland\u0131, vicdan\u0131 kara, kalbi kurumu\u015f, kendisine alan a\u00e7an bir partiye te\u015fekk\u00fcr etmesi gerekti\u011fi bir yerde ihanet eden bir anlay\u0131\u015fa ne denir?<\/p>\n<p><b>&#8220;V\u0130CDANLI MUHAFAZAKAR OLDU\u011eU \u0130DD\u0130ASIYLA YER BULDU&#8221; <\/b><\/p>\n<p>CHP toplumun belli kesimlerine eri\u015fmek, \u015eener&#8217;in vicdanl\u0131 muhafazakar oldu\u011fu iddias\u0131yla CHP listelerinden kendine yer buldu. Hangi arkada\u015f\u0131m\u0131z\u0131 yerinden ettiyse o arkada\u015f\u0131m\u0131za ve ona oy atan partililere \u00f6z\u00fcr borcumuz var.&#8221;<\/p>\n","protected":false},"excerpt":{"rendered":"<p>CHP Grup Ba\u015fkan\u0131 \u00d6zg\u00fcr \u00d6zel, d\u00fcn ak\u015fam kat\u0131ld\u0131\u011f\u0131 canl\u0131 yay\u0131nda CHP&#8217;den istifa etti\u011fini ve K\u0131l\u0131\u00e7daro\u011flu&#8217;na oy vermedi\u011fini s\u00f6yleyen Abd\u00fcllatif \u015eener&#8217;e sert tepki g\u00f6sterdi. \u00d6zel, &#8220;\u015eener&#8217;in a\u00e7\u0131klamalar\u0131n\u0131 i\u00e7im ac\u0131yarak, kan\u0131m donarak izledim. \u015eener&#8217;i listemize koyup da oy verdirtti\u011fimiz Cumhuriyet Halk Partililerden \u00f6z\u00fcr diliyoruz&#8221; dedi.<\/p>\n","protected":false},"author":1,"featured_media":0,"comment_status":"closed","ping_status":"open","sticky":false,"template":"","format":"standard","meta":{"footnotes":""},"categories":[28],"tags":[1089],"class_list":["post-99838","post","type-post","status-publish","format-standard","hentry","category-politika","tag-chp"],"_links":{"self":[{"href":"https:\/\/haberulus.net\/index.php?rest_route=\/wp\/v2\/posts\/99838","targetHints":{"allow":["GET"]}}],"collection":[{"href":"https:\/\/haberulus.net\/index.php?rest_route=\/wp\/v2\/posts"}],"about":[{"href":"https:\/\/haberulus.net\/index.php?rest_route=\/wp\/v2\/types\/post"}],"author":[{"embeddable":true,"href":"https:\/\/haberulus.net\/index.php?rest_route=\/wp\/v2\/users\/1"}],"replies":[{"embeddable":true,"href":"https:\/\/haberulus.net\/index.php?rest_route=%2Fwp%2Fv2%2Fcomments&post=99838"}],"version-history":[{"count":1,"href":"https:\/\/haberulus.net\/index.php?rest_route=\/wp\/v2\/posts\/99838\/revisions"}],"predecessor-version":[{"id":99839,"href":"https:\/\/haberulus.net\/index.php?rest_route=\/wp\/v2\/posts\/99838\/revisions\/99839"}],"wp:attachment":[{"href":"https:\/\/haberulus.net\/index.php?rest_route=%2Fwp%2Fv2%2Fmedia&parent=99838"}],"wp:term":[{"taxonomy":"category","embeddable":true,"href":"https:\/\/haberulus.net\/index.php?rest_route=%2Fwp%2Fv2%2Fcategories&post=99838"},{"taxonomy":"post_tag","embeddable":true,"href":"https:\/\/haberulus.net\/index.php?rest_route=%2Fwp%2Fv2%2Ftags&post=99838"}],"curies":[{"name":"wp","href":"https:\/\/api.w.org\/{rel}","templated":true}]}}