{"id":99873,"date":"2023-06-16T15:50:33","date_gmt":"2023-06-16T15:50:33","guid":{"rendered":"https:\/\/haberulus.net\/?p=99873"},"modified":"2023-06-16T15:50:33","modified_gmt":"2023-06-16T15:50:33","slug":"bankacilarla-bir-araya-gelen-bakan-simsekten-yeni-donem-mesaji-toplumun-refahini-artiracak-bir-modelle-yolumuza-devam-edecegiz","status":"publish","type":"post","link":"https:\/\/haberulus.net\/?p=99873","title":{"rendered":"Bankac\u0131larla bir araya gelen Bakan \u015eim\u015fek&#8217;ten yeni d\u00f6nem mesaj\u0131: Toplumun refah\u0131n\u0131 art\u0131racak bir modelle yolumuza devam edece\u011fiz"},"content":{"rendered":"<p>Hazine ve Maliye Bakan\u0131 Mehmet \u015eim\u015fek, T\u00fcrk Sanayicileri ve \u0130\u015f \u0130nsanlar\u0131 Derne\u011fi (T\u00dcS\u0130AD) toplant\u0131s\u0131n\u0131n ard\u0131ndan T\u00fcrkiye Bankalar Birli\u011fi (TBB) y\u00f6netimiyle bir araya geldi. 2 bu\u00e7uk saat s\u00fcren toplant\u0131n\u0131n ard\u0131ndan bas\u0131n mensuplar\u0131na k\u0131sa bir a\u00e7\u0131klama yapt\u0131.<\/p>\n<p><b>&#8220;BU D\u00d6NEMDE T\u00dcM SEKT\u00d6RLERLE \u0130ST\u0130\u015eARE EDECE\u011e\u0130Z&#8221;<\/b><\/p>\n<p>Bakan \u015eim\u015fek, &#8220;T\u00fcrkiye Bankalar Birli\u011fi Ba\u015fkan\u0131 Alpaslan \u00c7akar&#8217;\u0131n ev sahipli\u011finde banka y\u00f6neticilerimizle bir araya geldik. T\u00fcrkiye Bankalar Birli\u011fi Y\u00f6netim Kurulu ile isti\u015fare ettik. Bu d\u00f6nemde yeni program \u00e7al\u0131\u015fmalar\u0131 \u00e7er\u00e7evesinde finans sekt\u00f6r\u00fc, i\u015f d\u00fcnyas\u0131, sendikalar ve toplumun t\u00fcm kesimleriyle isti\u015fare edece\u011fiz. \u0130n\u015fallah \u00fclkemizin yat\u0131r\u0131m, ihracat, \u00fcretim ve istihdam noktas\u0131nda g\u00fc\u00e7l\u00fc bir \u015fekilde ve toplumda refah art\u0131\u015f\u0131n\u0131 sa\u011flayacak bir modelle yolumuza devam edece\u011fiz. Bu isti\u015fare etti\u011fimiz bir toplant\u0131yd\u0131. T\u00fcrkiye ekonomisini ve bankac\u0131l\u0131k sekt\u00f6r\u00fcn\u00fc konu\u015ftuk&#8221; ifadelerini kulland\u0131. <\/p>\n<p><b>&#8220;\u00c7OK YAPICI B\u0130R TOPLANTI GER\u00c7EKLE\u015eT\u0130&#8221;<\/b><\/p>\n<p>TBB Ba\u015fkan\u0131 Alpaslan \u00c7akar, bir a\u00e7\u0131klama yaparak, &#8220;Bakan\u0131m\u0131z ilk g\u00f6r\u00fc\u015fmelerinden bir tanesini finans sekt\u00f6r\u00fcyle, T\u00fcrkiye Bankalar Birli\u011fi y\u00f6netimiyle yapt\u0131. D\u00fczenli periyotlarla hem bakanlar\u0131m\u0131zla hem de Merkez Bankas\u0131 ve BDDK ile benzer toplant\u0131lar ger\u00e7ekle\u015ftiriyoruz. Sekt\u00f6r\u00fcm\u00fcz\u00fcn sorunlar\u0131n\u0131, k\u00fcresel ekonomideki geli\u015fmeleri masaya yat\u0131r\u0131yoruz. Burada kendi g\u00f6r\u00fc\u015f ve fikirlerimizi sunuyoruz. Bug\u00fcn de \u00e7ok yap\u0131c\u0131 ve samimi bir toplant\u0131 ger\u00e7ekle\u015fti. Bakan\u0131m\u0131z bize \u00f6nemli bir vakit ay\u0131rd\u0131. Sekt\u00f6r\u00fcn t\u00fcm temsilcileri, bankalar\u0131n genel m\u00fcd\u00fcrleri ve y\u00f6neticileriyle sekt\u00f6re ili\u015fkin de\u011ferlendirmeler yapt\u0131k. Hep birlikte dozu, s\u0131ras\u0131 ve zamanlamas\u0131 makul s\u00fcreler i\u00e7erisinde olmak \u00fczere baz\u0131 aksiyonlar alaca\u011f\u0131z.&#8221; ifadelerini kulland\u0131. <\/p>\n<p><b>&#8220;BU TOPLANTI \u0130LK ADIMDI&#8221; <\/b><\/p>\n<p>\u00c7akar s\u00f6zlerini \u015f\u00f6yle s\u00fcrd\u00fcrd\u00fc: &#8220;Bakan\u0131m\u0131z kendi g\u00f6r\u00fc\u015flerini bizlere aktard\u0131. K\u00fcresel  <strong>ekonomi<\/strong><\/p>\n<div>Kaynak: \u0130hlas Haber Ajans\u0131 \/  Ekonomi <\/div>\n","protected":false},"excerpt":{"rendered":"<p>T\u00dcS\u0130AD&#8217;\u0131n ard\u0131ndan T\u00fcrkiye Bankalar Birli\u011fi y\u00f6netimi ile bir araya gelen Hazine ve Maliye Bakan\u0131 Mehmet \u015eim\u015fek, toplant\u0131 sonras\u0131 yapt\u0131\u011f\u0131 a\u00e7\u0131klamada yeni d\u00f6nem vurgusu yapt\u0131. Bakan \u015eim\u015fek, &#8220;Bu d\u00f6nemde yeni program \u00e7al\u0131\u015fmalar\u0131 \u00e7er\u00e7evesinde finans sekt\u00f6r\u00fc, i\u015f d\u00fcnyas\u0131, sendikalar ve toplumun t\u00fcm kesimleriyle isti\u015fare edece\u011fiz. \u0130n\u015fallah \u00fclkemizin yat\u0131r\u0131m, ihracat, \u00fcretim ve istihdam noktas\u0131nda g\u00fc\u00e7l\u00fc bir \u015fekilde ve toplumda refah art\u0131\u015f\u0131n\u0131 sa\u011flayacak bir modelle yolumuza devam edece\u011fiz.&#8221; dedi.<\/p>\n","protected":false},"author":1,"featured_media":0,"comment_status":"closed","ping_status":"open","sticky":false,"template":"","format":"standard","meta":{"footnotes":""},"categories":[28],"tags":[366,1522,507,87],"class_list":["post-99873","post","type-post","status-publish","format-standard","hentry","category-politika","tag-bakan","tag-bankalar","tag-toplanti","tag-turk"],"_links":{"self":[{"href":"https:\/\/haberulus.net\/index.php?rest_route=\/wp\/v2\/posts\/99873","targetHints":{"allow":["GET"]}}],"collection":[{"href":"https:\/\/haberulus.net\/index.php?rest_route=\/wp\/v2\/posts"}],"about":[{"href":"https:\/\/haberulus.net\/index.php?rest_route=\/wp\/v2\/types\/post"}],"author":[{"embeddable":true,"href":"https:\/\/haberulus.net\/index.php?rest_route=\/wp\/v2\/users\/1"}],"replies":[{"embeddable":true,"href":"https:\/\/haberulus.net\/index.php?rest_route=%2Fwp%2Fv2%2Fcomments&post=99873"}],"version-history":[{"count":1,"href":"https:\/\/haberulus.net\/index.php?rest_route=\/wp\/v2\/posts\/99873\/revisions"}],"predecessor-version":[{"id":99874,"href":"https:\/\/haberulus.net\/index.php?rest_route=\/wp\/v2\/posts\/99873\/revisions\/99874"}],"wp:attachment":[{"href":"https:\/\/haberulus.net\/index.php?rest_route=%2Fwp%2Fv2%2Fmedia&parent=99873"}],"wp:term":[{"taxonomy":"category","embeddable":true,"href":"https:\/\/haberulus.net\/index.php?rest_route=%2Fwp%2Fv2%2Fcategories&post=99873"},{"taxonomy":"post_tag","embeddable":true,"href":"https:\/\/haberulus.net\/index.php?rest_route=%2Fwp%2Fv2%2Ftags&post=99873"}],"curies":[{"name":"wp","href":"https:\/\/api.w.org\/{rel}","templated":true}]}}