{"id":99939,"date":"2023-06-16T20:05:02","date_gmt":"2023-06-16T20:05:02","guid":{"rendered":"https:\/\/haberulus.net\/?p=99939"},"modified":"2023-06-16T20:05:02","modified_gmt":"2023-06-16T20:05:02","slug":"abdulkerim-bardakci-a-milli-formayi-ilk-kez-giydi","status":"publish","type":"post","link":"https:\/\/haberulus.net\/?p=99939","title":{"rendered":"Abd\u00fclkerim Bardakc\u0131, A Milli formay\u0131 ilk kez giydi"},"content":{"rendered":"<p>UEFA 2024 Avrupa \u015eampiyonas\u0131 (EURO 2024) Elemeleri D Grubu \u00fc\u00e7\u00fcnc\u00fc ma\u00e7\u0131nda Letonya ile deplasmanda kar\u015f\u0131la\u015fan A Milli Futbol Tak\u0131m\u0131\u2019nda savunma oyuncusu Abd\u00fclkerim Bardakc\u0131 ilk kez ay-y\u0131ld\u0131zl\u0131 forma ile sahaya \u00e7\u0131kt\u0131.<\/p>\n<p>Aday kadroya daha \u00f6nce davet edilen ancak sakatl\u0131\u011f\u0131 nedeniyle forma \u015fans\u0131 bulamayan Abd\u00fclkerim, ilk ma\u00e7\u0131nda ilk 11\u2019de sahada yer ald\u0131.<\/p>\n<p>Milli tak\u0131m teknik direkt\u00f6r\u00fc Stefan Kuntz, sahaya Mert G\u00fcnok, Zeki \u00c7elik, Abd\u00fclkerim Bardakc\u0131, Merih Demiral, Ferdi Kad\u0131o\u011flu, Orkun K\u00f6k\u00e7\u00fc, Hakan \u00c7alhano\u011flu, Cengiz \u00dcnder, Arda G\u00fcler, Kerem Akt\u00fcrko\u011flu ve Umut Nayir ilk 11\u2019ini s\u00fcrd\u00fc.<\/p>\n<p>A Milli Tak\u0131m\u2019da Muhammed \u015eengezer, U\u011furcan \u00c7ak\u0131r, Samet Akayd\u0131n, Salih \u00d6zcan, \u0130rfan Can Kahveci, Umut Bozok, Eren Elmal\u0131, Ozan Kabak, \u0130smail Y\u00fcksek, Salih U\u00e7an, Bar\u0131\u015f Alper Y\u0131lmaz ve Cenk \u00d6zka\u00e7ar ise ma\u00e7a yedek ba\u015flad\u0131.<\/p>\n<p>Aday kadroda yer alan Kenan Karaman ise ma\u00e7 kadrosunda yer almad\u0131.<\/p>\n<p>Milli tak\u0131mda aday kadroya ilk kez davet edilen kaleci Muhammed \u015eengezer, yedekler aras\u0131nda forma \u015fans\u0131 bekledi.<\/p>\n<p><b>ARDA G\u00dcLER VE UMUT NAY\u0130R \u0130LK KEZ \u0130LK 11\u2019DE<\/b><\/p>\n<p>A Milli Futbol Tak\u0131m\u0131\u2019nda gen\u00e7 futbolcu Arda G\u00fcler ve deneyimli forvet Umut Nayir ilk kez ilk 11\u2019de g\u00f6rev ald\u0131.<\/p>\n<p>Daha \u00f6nce ay-y\u0131ld\u0131zl\u0131 formay\u0131 bir kez giyen Arda G\u00fcler ile iki kez A Milli Tak\u0131m formas\u0131n\u0131 giyen Umut, oyuna sonradan dahil olmu\u015ftu.<\/p>\n<p><b>B\u00dcY\u00dcKEK\u015e\u0130 TR\u0130B\u00dcNDEN \u0130ZLED\u0130<\/b><\/p>\n<p>A Milli Tak\u0131m\u2019\u0131n Letonya ile deplasmanda oynad\u0131\u011f\u0131 kar\u015f\u0131la\u015fmay\u0131 T\u00fcrkiye Futbol Federasyonu (TFF) Ba\u015fkan\u0131 Mehmet B\u00fcy\u00fckek\u015fi, trib\u00fcnden izledi.<\/p>\n<p>Ba\u015fkan B\u00fcy\u00fckek\u015fi, m\u00fccadeleyi A Milli Tak\u0131mlar Sorumlusu Hamit Alt\u0131ntop ve TFF y\u00f6netim kurulu \u00fcyeleri ile birlikte takip etti.<\/p>\n<p><b>M\u0130LL\u0130LER\u0130, TARAFTARLAR YALNIZ BIRAKMADI<\/b><\/p>\n<p>Letonya ile deplasmanda oynanan kar\u015f\u0131la\u015fmada, T\u00fcrk taraftarlar da trib\u00fcndeki yerini ald\u0131.<\/p>\n<p>Ev sahibi \u00fclkeden ve Avrupa\u2019n\u0131n farkl\u0131 \u00fclkelerinden gelen T\u00fcrk taraftarlar, Skonto Stad\u0131\u2019nda kendilerine ayr\u0131lan yerde ay-y\u0131ld\u0131zl\u0131 ekibe destek verdi. Baz\u0131 T\u00fcrk taraftarlar\u0131n Letonya taraftarlar\u0131n aras\u0131nda da kar\u015f\u0131la\u015fmay\u0131 izledi\u011fi g\u00f6r\u00fcld\u00fc.<\/p>\n<p>Ba\u015fkent Riga\u2019daki 8 bin ki\u015filik Skonto Stad\u0131\u2019n\u0131n tamam\u0131na yak\u0131n\u0131 doldu. (AA)<\/p>\n","protected":false},"excerpt":{"rendered":"<p>Daha \u00f6nce milli tak\u0131m kadrosuna dahil edilmesine ra\u011fmen sakatl\u0131\u011f\u0131 nedeniyle ma\u00e7a \u00e7\u0131kamayan Abd\u00fclkerim Bardakc\u0131, Letonya ma\u00e7\u0131yla birlikte ilk kez milli formay\u0131 s\u0131rt\u0131na ge\u00e7irdi ve gol att\u0131. Umut ile Arda da ilk kez bir ma\u00e7a ilk 11&#8217;de \u00e7\u0131kt\u0131.<\/p>\n","protected":false},"author":1,"featured_media":99940,"comment_status":"closed","ping_status":"open","sticky":false,"template":"","format":"standard","meta":{"footnotes":""},"categories":[31],"tags":[850,4138,4066,2353],"class_list":["post-99939","post","type-post","status-publish","format-standard","has-post-thumbnail","hentry","category-spor","tag-forma","tag-milli-takim","tag-taraftarlar","tag-umut"],"_links":{"self":[{"href":"https:\/\/haberulus.net\/index.php?rest_route=\/wp\/v2\/posts\/99939","targetHints":{"allow":["GET"]}}],"collection":[{"href":"https:\/\/haberulus.net\/index.php?rest_route=\/wp\/v2\/posts"}],"about":[{"href":"https:\/\/haberulus.net\/index.php?rest_route=\/wp\/v2\/types\/post"}],"author":[{"embeddable":true,"href":"https:\/\/haberulus.net\/index.php?rest_route=\/wp\/v2\/users\/1"}],"replies":[{"embeddable":true,"href":"https:\/\/haberulus.net\/index.php?rest_route=%2Fwp%2Fv2%2Fcomments&post=99939"}],"version-history":[{"count":1,"href":"https:\/\/haberulus.net\/index.php?rest_route=\/wp\/v2\/posts\/99939\/revisions"}],"predecessor-version":[{"id":99941,"href":"https:\/\/haberulus.net\/index.php?rest_route=\/wp\/v2\/posts\/99939\/revisions\/99941"}],"wp:featuredmedia":[{"embeddable":true,"href":"https:\/\/haberulus.net\/index.php?rest_route=\/wp\/v2\/media\/99940"}],"wp:attachment":[{"href":"https:\/\/haberulus.net\/index.php?rest_route=%2Fwp%2Fv2%2Fmedia&parent=99939"}],"wp:term":[{"taxonomy":"category","embeddable":true,"href":"https:\/\/haberulus.net\/index.php?rest_route=%2Fwp%2Fv2%2Fcategories&post=99939"},{"taxonomy":"post_tag","embeddable":true,"href":"https:\/\/haberulus.net\/index.php?rest_route=%2Fwp%2Fv2%2Ftags&post=99939"}],"curies":[{"name":"wp","href":"https:\/\/api.w.org\/{rel}","templated":true}]}}